{"id":143421,"date":"2022-03-18T14:16:00","date_gmt":"2022-03-18T18:16:00","guid":{"rendered":"https:\/\/linitiative.ca\/International\/mohamed-derbel-fitch-ratings-degrade-la-note-souveraine-de-la-tunisie\/"},"modified":"2022-03-18T14:16:00","modified_gmt":"2022-03-18T18:16:00","slug":"mohamed-derbel-fitch-ratings-degrade-la-note-souveraine-de-la-tunisie","status":"publish","type":"post","link":"https:\/\/linitiative.ca\/International\/mohamed-derbel-fitch-ratings-degrade-la-note-souveraine-de-la-tunisie\/","title":{"rendered":"Mohamed Derbel : Fitch Ratings d\u00e9grade la note souveraine de la Tunisie"},"content":{"rendered":"<div><img decoding=\"async\" src=\"http:\/\/www.leaders.com.tn\/uploads\/content\/thumbnails_small\/1647624898_article.jpg\" alt=\"Mohamed Derbel : Fitch Ratings d\u00e9grade la note souveraine de la Tunisie\" align=\"left\">L&rsquo;agence de notation Fitch Ratings a abaiss\u00e9, aujourd\u2019hui le vendredi 18\/03\/2022, la note souveraine de la Tunisie de \u00abB-\u00bb\u00a0 \u00e0 \u00ab CCC \u00bb comme l\u2019a d\u00e9j\u00e0 fait Moody\u2019s le 14 octobre 2021 en classant la Tunisie dans la cat\u00e9gorie sp\u00e9culative \u00ab Caaa1 \u00bb avec perspectives n\u00e9gatives.<br \/>\nUne d\u00e9gradation attendue malgr\u00e9 les efforts qui sont entrain d\u2019\u00eatre fournis par le gouvernement pour d\u00e9gripper une situation \u00e9conomique difficile post-COVID et accentu\u00e9e par une guerre qui bombardera sans merci nos \u00e9quilibres budg\u00e9taires d\u00e9j\u00e0 tr\u00e8s fragiles (compensation de l\u2019\u00e9nergie, des c\u00e9r\u00e9ales, des produits de premi\u00e8re n\u00e9cessit\u00e9\u2026etc.).<br \/>\nFitch Ratings a argument\u00e9 cette &#8230;<\/p>\n<\/div>\n<p>Auteur:<br \/>\n<a href=\"https:\/\/www.leaders.com.tn\/article\/33113-mohamed-derbel-fitch-ratings-degrade-la-note-souveraine-de-la-tunisie\">Cliquez ici pour lire l&rsquo;article depuis sa source.<\/a><\/p>\n","protected":false},"excerpt":{"rendered":"<p>L&rsquo;agence de notation Fitch Ratings a abaiss\u00e9, aujourd\u2019hui le vendredi 18\/03\/2022, la note souveraine de la Tunisie de \u00abB-\u00bb\u00a0 \u00e0 \u00ab CCC \u00bb comme l\u2019a d\u00e9j\u00e0 fait Moody\u2019s le 14 octobre 2021 en classant la Tunisie dans la cat\u00e9gorie sp\u00e9culative \u00ab Caaa1 \u00bb avec perspectives n\u00e9gatives. Une d\u00e9gradation attendue malgr\u00e9 les efforts qui sont entrain [&hellip;]<\/p>\n","protected":false},"author":1772,"featured_media":0,"comment_status":"closed","ping_status":"closed","sticky":false,"template":"","format":"standard","meta":{"fifu_image_url":"http:\/\/www.leaders.com.tn\/uploads\/content\/thumbnails_small\/1647624898_article.jpg","fifu_image_alt":"Mohamed Derbel : Fitch Ratings d\u00e9grade la note souveraine de la Tunisie","footnotes":""},"categories":[73,55],"tags":[],"class_list":["post-143421","post","type-post","status-publish","format-standard","hentry","category-actualite","category-tunisie"],"_links":{"self":[{"href":"https:\/\/linitiative.ca\/International\/wp-json\/wp\/v2\/posts\/143421","targetHints":{"allow":["GET"]}}],"collection":[{"href":"https:\/\/linitiative.ca\/International\/wp-json\/wp\/v2\/posts"}],"about":[{"href":"https:\/\/linitiative.ca\/International\/wp-json\/wp\/v2\/types\/post"}],"author":[{"embeddable":true,"href":"https:\/\/linitiative.ca\/International\/wp-json\/wp\/v2\/users\/1772"}],"replies":[{"embeddable":true,"href":"https:\/\/linitiative.ca\/International\/wp-json\/wp\/v2\/comments?post=143421"}],"version-history":[{"count":0,"href":"https:\/\/linitiative.ca\/International\/wp-json\/wp\/v2\/posts\/143421\/revisions"}],"wp:attachment":[{"href":"https:\/\/linitiative.ca\/International\/wp-json\/wp\/v2\/media?parent=143421"}],"wp:term":[{"taxonomy":"category","embeddable":true,"href":"https:\/\/linitiative.ca\/International\/wp-json\/wp\/v2\/categories?post=143421"},{"taxonomy":"post_tag","embeddable":true,"href":"https:\/\/linitiative.ca\/International\/wp-json\/wp\/v2\/tags?post=143421"}],"curies":[{"name":"wp","href":"https:\/\/api.w.org\/{rel}","templated":true}]}}