{"id":143424,"date":"2022-03-18T07:04:55","date_gmt":"2022-03-18T11:04:55","guid":{"rendered":"https:\/\/linitiative.ca\/International\/aerien-austrian-airlines-va-reprendre-ses-vols-sur-marrakech\/"},"modified":"2022-03-18T07:04:55","modified_gmt":"2022-03-18T11:04:55","slug":"aerien-austrian-airlines-va-reprendre-ses-vols-sur-marrakech","status":"publish","type":"post","link":"https:\/\/linitiative.ca\/International\/aerien-austrian-airlines-va-reprendre-ses-vols-sur-marrakech\/","title":{"rendered":"A\u00e9rien. Austrian Airlines va reprendre ses vols sur Marrakech"},"content":{"rendered":"<div><img decoding=\"async\" width=\"1969\" height=\"978\" src=\"https:\/\/linitiative.ca\/International\/wp-content\/uploads\/sites\/23\/2022\/03\/Austrian-Airlines-1.jpeg\" class=\"attachment-post-thumbnail size-post-thumbnail wp-post-image\" alt=\"\" loading=\"lazy\" srcset=\"https:\/\/linitiative.ca\/International\/wp-content\/uploads\/sites\/23\/2022\/03\/Austrian-Airlines-1.jpeg 1969w, https:\/\/www.challenge.ma\/wp-content\/uploads\/2022\/03\/Austrian-Airlines-1-300x149.jpeg 300w, https:\/\/www.challenge.ma\/wp-content\/uploads\/2022\/03\/Austrian-Airlines-1-1024x509.jpeg 1024w, https:\/\/www.challenge.ma\/wp-content\/uploads\/2022\/03\/Austrian-Airlines-1-768x381.jpeg 768w, https:\/\/www.challenge.ma\/wp-content\/uploads\/2022\/03\/Austrian-Airlines-1-1536x763.jpeg 1536w, https:\/\/www.challenge.ma\/wp-content\/uploads\/2022\/03\/Austrian-Airlines-1-360x179.jpeg 360w, https:\/\/www.challenge.ma\/wp-content\/uploads\/2022\/03\/Austrian-Airlines-1-750x373.jpeg 750w\" sizes=\"auto, (max-width: 1969px) 100vw, 1969px\" itemprop=\"image\">Bonne nouvelle pour les voyageurs. Austrian Airlines devrait reprendre ses vols vers Marrakech le 22 octobre prochain. Le site www.simpleflying.com , qui rapporte l\u2019information, explique que cette compagnie reprendra ses vols sur la ville de Marrakech avec une fr\u00e9quence hebdomadaire \u00e0 compter du 22 octobre, apr\u00e8s une pause de deux<\/div>\n<p>Auteur: challenge<br \/>\n<a href=\"https:\/\/www.challenge.ma\/aerien-austrian-airlines-va-reprendre-ses-vols-sur-marrakech-234812\/\">Cliquez ici pour lire l&rsquo;article depuis sa source.<\/a><\/p>\n","protected":false},"excerpt":{"rendered":"<p>Bonne nouvelle pour les voyageurs. Austrian Airlines devrait reprendre ses vols vers Marrakech le 22 octobre prochain. Le site www.simpleflying.com , qui rapporte l\u2019information, explique que cette compagnie reprendra ses vols sur la ville de Marrakech avec une fr\u00e9quence hebdomadaire \u00e0 compter du 22 octobre, apr\u00e8s une pause de deux Auteur: challenge Cliquez ici pour [&hellip;]<\/p>\n","protected":false},"author":1787,"featured_media":0,"comment_status":"closed","ping_status":"closed","sticky":false,"template":"","format":"standard","meta":{"fifu_image_url":"https:\/\/www.challenge.ma\/wp-content\/uploads\/2022\/03\/Austrian-Airlines-1.jpeg","fifu_image_alt":"A\u00e9rien. Austrian Airlines va reprendre ses vols sur Marrakech","footnotes":""},"categories":[78,54],"tags":[],"class_list":["post-143424","post","type-post","status-publish","format-standard","hentry","category-economie","category-maroc"],"_links":{"self":[{"href":"https:\/\/linitiative.ca\/International\/wp-json\/wp\/v2\/posts\/143424","targetHints":{"allow":["GET"]}}],"collection":[{"href":"https:\/\/linitiative.ca\/International\/wp-json\/wp\/v2\/posts"}],"about":[{"href":"https:\/\/linitiative.ca\/International\/wp-json\/wp\/v2\/types\/post"}],"author":[{"embeddable":true,"href":"https:\/\/linitiative.ca\/International\/wp-json\/wp\/v2\/users\/1787"}],"replies":[{"embeddable":true,"href":"https:\/\/linitiative.ca\/International\/wp-json\/wp\/v2\/comments?post=143424"}],"version-history":[{"count":0,"href":"https:\/\/linitiative.ca\/International\/wp-json\/wp\/v2\/posts\/143424\/revisions"}],"wp:attachment":[{"href":"https:\/\/linitiative.ca\/International\/wp-json\/wp\/v2\/media?parent=143424"}],"wp:term":[{"taxonomy":"category","embeddable":true,"href":"https:\/\/linitiative.ca\/International\/wp-json\/wp\/v2\/categories?post=143424"},{"taxonomy":"post_tag","embeddable":true,"href":"https:\/\/linitiative.ca\/International\/wp-json\/wp\/v2\/tags?post=143424"}],"curies":[{"name":"wp","href":"https:\/\/api.w.org\/{rel}","templated":true}]}}