{"id":143430,"date":"2022-03-18T11:37:31","date_gmt":"2022-03-18T15:37:31","guid":{"rendered":"https:\/\/linitiative.ca\/International\/sahara-marocain-lespagne-considere-linitiative-marocaine-dautonomie-comme-la-base-la-plus-serieuse-realiste-et-credible-pour-la-resolution-du-differend\/"},"modified":"2022-03-18T11:37:31","modified_gmt":"2022-03-18T15:37:31","slug":"sahara-marocain-lespagne-considere-linitiative-marocaine-dautonomie-comme-la-base-la-plus-serieuse-realiste-et-credible-pour-la-resolution-du-differend","status":"publish","type":"post","link":"https:\/\/linitiative.ca\/International\/sahara-marocain-lespagne-considere-linitiative-marocaine-dautonomie-comme-la-base-la-plus-serieuse-realiste-et-credible-pour-la-resolution-du-differend\/","title":{"rendered":"Sahara Marocain. L\u2019Espagne consid\u00e8re l\u2019initiative marocaine d\u2019autonomie comme la base la plus s\u00e9rieuse, r\u00e9aliste et cr\u00e9dible pour la r\u00e9solution du diff\u00e9rend"},"content":{"rendered":"<div><img decoding=\"async\" width=\"1280\" height=\"768\" src=\"https:\/\/linitiative.ca\/International\/wp-content\/uploads\/sites\/23\/2022\/03\/PHOT-1.jpeg\" class=\"attachment-post-thumbnail size-post-thumbnail wp-post-image\" alt=\"\" loading=\"lazy\" srcset=\"https:\/\/linitiative.ca\/International\/wp-content\/uploads\/sites\/23\/2022\/03\/PHOT-1.jpeg 1280w, https:\/\/www.challenge.ma\/wp-content\/uploads\/2022\/03\/PHOT-1-300x180.jpeg 300w, https:\/\/www.challenge.ma\/wp-content\/uploads\/2022\/03\/PHOT-1-1024x614.jpeg 1024w, https:\/\/www.challenge.ma\/wp-content\/uploads\/2022\/03\/PHOT-1-768x461.jpeg 768w, https:\/\/www.challenge.ma\/wp-content\/uploads\/2022\/03\/PHOT-1-360x216.jpeg 360w, https:\/\/www.challenge.ma\/wp-content\/uploads\/2022\/03\/PHOT-1-750x450.jpeg 750w\" sizes=\"auto, (max-width: 1280px) 100vw, 1280px\" itemprop=\"image\">Dans un Message adress\u00e9 \u00e0 SM le Roi Mohammed VI, le Pr\u00e9sident du Gouvernement espagnol, Pedro S\u00e1nchez, a soulign\u00e9 qu\u2019il \u00ab\u00a0reconna\u00eet l\u2019importance de la question du Sahara pour le Maroc\u00a0\u00bb. A ce titre, \u00ab\u00a0l\u2019Espagne consid\u00e8re l\u2019initiative marocaine d\u2019autonomie, pr\u00e9sent\u00e9e en 2007, comme la base la plus s\u00e9rieuse, r\u00e9aliste et cr\u00e9dible<\/div>\n<p>Auteur: challenge<br \/>\n<a href=\"https:\/\/www.challenge.ma\/sahara-marocain-lespagne-considere-linitiative-marocaine-dautonomie-comme-la-base-la-plus-serieuse-realiste-et-credible-pour-la-resolution-du-differend-234836\/\">Cliquez ici pour lire l&rsquo;article depuis sa source.<\/a><\/p>\n","protected":false},"excerpt":{"rendered":"<p>Dans un Message adress\u00e9 \u00e0 SM le Roi Mohammed VI, le Pr\u00e9sident du Gouvernement espagnol, Pedro S\u00e1nchez, a soulign\u00e9 qu\u2019il \u00ab\u00a0reconna\u00eet l\u2019importance de la question du Sahara pour le Maroc\u00a0\u00bb. A ce titre, \u00ab\u00a0l\u2019Espagne consid\u00e8re l\u2019initiative marocaine d\u2019autonomie, pr\u00e9sent\u00e9e en 2007, comme la base la plus s\u00e9rieuse, r\u00e9aliste et cr\u00e9dible Auteur: challenge Cliquez ici pour [&hellip;]<\/p>\n","protected":false},"author":1787,"featured_media":0,"comment_status":"closed","ping_status":"closed","sticky":false,"template":"","format":"standard","meta":{"fifu_image_url":"https:\/\/www.challenge.ma\/wp-content\/uploads\/2022\/03\/PHOT-1.jpeg","fifu_image_alt":"Sahara Marocain. L\u2019Espagne consid\u00e8re l\u2019initiative marocaine d\u2019autonomie comme la base la plus s\u00e9rieuse, r\u00e9aliste et cr\u00e9dible pour la r\u00e9solution du diff\u00e9rend","footnotes":""},"categories":[78,54],"tags":[],"class_list":["post-143430","post","type-post","status-publish","format-standard","hentry","category-economie","category-maroc"],"_links":{"self":[{"href":"https:\/\/linitiative.ca\/International\/wp-json\/wp\/v2\/posts\/143430","targetHints":{"allow":["GET"]}}],"collection":[{"href":"https:\/\/linitiative.ca\/International\/wp-json\/wp\/v2\/posts"}],"about":[{"href":"https:\/\/linitiative.ca\/International\/wp-json\/wp\/v2\/types\/post"}],"author":[{"embeddable":true,"href":"https:\/\/linitiative.ca\/International\/wp-json\/wp\/v2\/users\/1787"}],"replies":[{"embeddable":true,"href":"https:\/\/linitiative.ca\/International\/wp-json\/wp\/v2\/comments?post=143430"}],"version-history":[{"count":0,"href":"https:\/\/linitiative.ca\/International\/wp-json\/wp\/v2\/posts\/143430\/revisions"}],"wp:attachment":[{"href":"https:\/\/linitiative.ca\/International\/wp-json\/wp\/v2\/media?parent=143430"}],"wp:term":[{"taxonomy":"category","embeddable":true,"href":"https:\/\/linitiative.ca\/International\/wp-json\/wp\/v2\/categories?post=143430"},{"taxonomy":"post_tag","embeddable":true,"href":"https:\/\/linitiative.ca\/International\/wp-json\/wp\/v2\/tags?post=143430"}],"curies":[{"name":"wp","href":"https:\/\/api.w.org\/{rel}","templated":true}]}}