{"id":143437,"date":"2022-03-18T07:20:48","date_gmt":"2022-03-18T11:20:48","guid":{"rendered":"https:\/\/linitiative.ca\/International\/secteur-minier-burkinabe-la-duree-de-vie-des-mines-peux-etre-ecourtee-du-fait-dun-cout-eleve-de-lenergie-dixit-mahamadou-issiyakou\/"},"modified":"2022-03-18T07:20:48","modified_gmt":"2022-03-18T11:20:48","slug":"secteur-minier-burkinabe-la-duree-de-vie-des-mines-peux-etre-ecourtee-du-fait-dun-cout-eleve-de-lenergie-dixit-mahamadou-issiyakou","status":"publish","type":"post","link":"https:\/\/linitiative.ca\/International\/secteur-minier-burkinabe-la-duree-de-vie-des-mines-peux-etre-ecourtee-du-fait-dun-cout-eleve-de-lenergie-dixit-mahamadou-issiyakou\/","title":{"rendered":"Secteur minier burkinab\u00e8\u00a0: \u00ab\u00a0La dur\u00e9e de vie des mines peux \u00eatre \u00e9court\u00e9e du fait d\u2019un co\u00fbt \u00e9lev\u00e9 de l\u2019Energie\u00a0\u00bb, dixit Mahamadou Issiyakou."},"content":{"rendered":"<div>\n<p><strong>Dans cet entretien accord\u00e9 \u00e0 Sidwaya, le Directeur Groupe en Charge de la Transition Energ\u00e9tique chez Endeavour Mining, Mahamadou Issiyakou, par ailleurs ancien Directeur G\u00e9n\u00e9ral de la Mine de Boungou et de la Mine d\u2019Ity en C\u00f4te d\u2019Ivoire, revient sur l\u2019un des facteurs qui handicape la comp\u00e9titivit\u00e9 du secteur minier burkinab\u00e8, \u00e0 savoir l\u2019acc\u00e8s \u00e0 l\u2019\u00e9nergie. Il y propose des pistes de solutions pour sortir de cette contrainte \u00e9nerg\u00e9tique. <\/strong><\/p>\n<p><strong>Sidwaya (S)\u00a0: Il semble que le co\u00fbt et\/ou l\u2019acc\u00e8s \u00e0 l\u2019\u00e9nergie constitue l\u2019un des facteurs de production qui handicape la comp\u00e9titivit\u00e9 du secteur minier burkinab\u00e8. Qu\u2019en est-il r\u00e9ellement\u00a0? <\/strong><\/p>\n<p><strong>Mahamadou Issiyakou\u00a0(M.I) : <\/strong>Le co\u00fbt de l\u2019\u00e9nergie repr\u00e9sente une part importante des co\u00fbts de production des soci\u00e9t\u00e9s mini\u00e8res (au moins 20%). La rentabilit\u00e9 et les r\u00e9serves mini\u00e8res exploitables sont tr\u00e8s sensibles au co\u00fbt de l\u2019Energie. \u00a0Le co\u00fbt est naturellement plus \u00e9lev\u00e9 pour les mines qui sont loin du r\u00e9seau national interconnect\u00e9.\u00a0 Au regard de la structure des prix en vigueur pour les mines connect\u00e9es au r\u00e9seau national interconnect\u00e9 et du co\u00fbt \u00e9lev\u00e9 du carburant pour les mines non connect\u00e9es au r\u00e9seau national et utilisant le Fuel lourd ou Gasoil, le Burkina Faso n\u2019est pas comp\u00e9titif par rapport \u00e0 ses voisins du Sud. \u00a0Comme je le disais plus haut, la dur\u00e9e de vie des mines peut \u00eatre \u00e9court\u00e9e du fait d\u2019un co\u00fbt \u00e9lev\u00e9 de l\u2019Energie.<\/p>\n<p><strong>S\u00a0: Comment les soci\u00e9t\u00e9s mini\u00e8res s\u2019arrangent-elles pour faire face \u00e0 cette contrainte \u00e9nerg\u00e9tique ?<\/strong><\/p>\n<p><strong>M.I : <\/strong>En 2021, la situation \u00e9tait d\u00e9licate en particulier pour les mines connect\u00e9es au r\u00e9seau national qui ont d\u00fb faire tourner leurs r\u00e9serves froides \u00e0 un co\u00fbt \u00e9lev\u00e9 pour assurer la continuit\u00e9 des op\u00e9rations. Les mines maintiennent un stock de gasoil ou Fuel Lourd pour assurer une couverture de deux \u00e0 trois semaines.\u00a0 Sur le plan strat\u00e9gique, les Mines travaillent avec le Minist\u00e8re de tutelle pour trouver rapidement des solutions \u00e9conomiques \u00e0 moyens termes int\u00e9grant les \u00e9nergies renouvelables notamment le solaire et le GNL (Gaz\u00a0Naturel Liqu\u00e9fi\u00e9).<\/p>\n<p><strong>S\u00a0: Comment cette pr\u00e9occupation est g\u00e9r\u00e9e dans les autres pays\u00a0miniers ?<\/strong><\/p>\n<p><strong>M.I : <\/strong>Chaque pays a ses contraintes en fonction de la nature de son mix \u00e9nerg\u00e9tique. Beaucoup de pays en g\u00e9n\u00e9ral encourage des r\u00e9glementations qui favorisent les contrats d\u2019achats d\u2019Energie depuis que le solaire est devenu tr\u00e8s comp\u00e9titif par rapport aux m\u00e9thodes classiques de g\u00e9n\u00e9ration d\u2019\u00e9lectricit\u00e9.<\/p>\n<figure id=\"attachment_46884\" aria-describedby=\"caption-attachment-46884\" style=\"width: 1080px\" class=\"wp-caption alignnone\"><img decoding=\"async\" loading=\"lazy\" class=\"wp-image-46884 size-full\" src=\"https:\/\/linitiative.ca\/International\/wp-content\/uploads\/sites\/23\/2022\/03\/Ph-cater.jpeg\" alt=\"\" width=\"1080\" height=\"720\" srcset=\"https:\/\/linitiative.ca\/International\/wp-content\/uploads\/sites\/23\/2022\/03\/Ph-cater.jpeg 1080w, https:\/\/www.sidwaya.info\/wp-content\/uploads\/2022\/03\/Ph-cater-300x200.jpeg 300w, https:\/\/www.sidwaya.info\/wp-content\/uploads\/2022\/03\/Ph-cater-1024x683.jpeg 1024w, https:\/\/www.sidwaya.info\/wp-content\/uploads\/2022\/03\/Ph-cater-768x512.jpeg 768w, https:\/\/www.sidwaya.info\/wp-content\/uploads\/2022\/03\/Ph-cater-150x100.jpeg 150w, https:\/\/www.sidwaya.info\/wp-content\/uploads\/2022\/03\/Ph-cater-696x464.jpeg 696w, https:\/\/www.sidwaya.info\/wp-content\/uploads\/2022\/03\/Ph-cater-1068x712.jpeg 1068w, https:\/\/www.sidwaya.info\/wp-content\/uploads\/2022\/03\/Ph-cater-630x420.jpeg 630w\" sizes=\"auto, (max-width: 1080px) 100vw, 1080px\"><figcaption id=\"caption-attachment-46884\" class=\"wp-caption-text\">La rentabilit\u00e9 et les r\u00e9serves mini\u00e8res exploitables sont tr\u00e8s sensibles au co\u00fbt de l\u2019Energie.<\/figcaption><\/figure>\n<p><strong>S\u00a0: Il y a des mines qui construisent leurs centrales \u00e9lectriques. Quel arrangement peut-il exister entre ces mines, l\u2019Etat et les communaut\u00e9s riveraines pour une gestion efficiente de cette \u00e9nergie\u00a0?<\/strong><\/p>\n<p><strong>M.I : <\/strong>En g\u00e9n\u00e9ral, les mines sont dans des zones recul\u00e9es, loin d\u2019une quelconque interconnexion au r\u00e9seau national.\u00a0 Des discussions ont lieu avec la soci\u00e9t\u00e9 Nationale d\u2019Electricit\u00e9 au Burkina, la SONABEL. En illustration, un contrat entre la SONABEL et Hound\u00e9 Gold Op\u00e9ration a permis de construire une ligne haute tension pour alimenter la Mine. La ligne construite est g\u00e9r\u00e9e par la SONABEL. L\u2019ajout au r\u00e9seau National Interconnect\u00e9 de la Centrale Solaire de plusieurs M\u00e9gas avec l\u2019aide d\u2019un op\u00e9rateur Minier augmente la capacit\u00e9 de g\u00e9n\u00e9ration nationale et favorisera la mise \u00e0 disposition de l\u2019\u00e9lectricit\u00e9 dans la zone non desservie.\u00a0 Le Groupe Endeavour Mining ainsi que plusieurs autres soci\u00e9t\u00e9s sont tr\u00e8s engag\u00e9s dans cette voie et des discussions sont tr\u00e8s avanc\u00e9es avec le Minist\u00e8re de l\u2019Energie et des Mines dans ce domaine.<\/p>\n<p><strong>S\u00a0: Qu\u2019est-ce qui est pr\u00e9vu pour la gestion de ces centrales construites par les mines, \u00e0 la fin de l\u2019exploitation mini\u00e8re\u00a0?<\/strong><\/p>\n<p><strong>M.I : <\/strong>Tous les contrats relatifs \u00e0 la construction des centrales solaires interconnect\u00e9es pr\u00e9voient la r\u00e9trocession automatiquement \u00e0 la fin de la dur\u00e9e de vie de la mine.<\/p>\n<p>Les centrales thermiques feront dans la plupart des cas l\u2019objet de d\u00e9mant\u00e8lement conform\u00e9ment aux \u00e9tudes d\u2019impacts Sociaux Economiques \u00e0 cause de leurs co\u00fbts d\u2019op\u00e9rations exorbitants pour les communaut\u00e9s et pour l\u2019op\u00e9rateur national.<\/p>\n<p><strong>S\u00a0: Quelles alternatives pour permettre aux compagnies mini\u00e8res de surmonter un tant soit peu cette pr\u00e9occupation\u00a0li\u00e9e \u00e0 l\u2019\u00e9nergie?<\/strong><\/p>\n<p><strong>M.I : <\/strong>Un soutien des autorit\u00e9s pour acc\u00e9l\u00e9rer la mise en route des projets de centrales solaires non seulement parce que cela a un impact imm\u00e9diat sur nos op\u00e9rations mais aussi \u00e0 cause de la r\u00e9duction de l\u2019empreinte carbone des op\u00e9rations mini\u00e8res.<\/p>\n<p><strong>S\u00a0: Le Burkina Faso est dans une phase de transition politique o\u00f9 il est question de r\u00e9formes structurantes. Quelles sont les attentes du secteur minier burkinab\u00e8 par rapport \u00e0 ces r\u00e9formes \u00e0 venir\u00a0?<\/strong><\/p>\n<p><strong>M.I : \u00a0<\/strong>Le plus important pour le secteur minier c\u2019est la possibilit\u00e9 de r\u00e9duction des co\u00fbts de l\u2019\u00e9nergie que ce soit pour les centrales que pour les autres installations. Toute r\u00e9forme visant un tel objectif est la bienvenue. La promotion des \u00e9nergies renouvelables et la possibilit\u00e9 d\u2019utilisation du GNL (Gaz Naturel Liqu\u00e9fi\u00e9e) sont des pistes \u00e0 encourager.<\/p>\n<p><strong>Interview r\u00e9alis\u00e9e par<\/strong><\/p>\n<p><strong>Mahamadi SEBOGO<\/strong><\/p>\n<p><a href=\"mailto:Windmad76@gmail.com\"><strong>Windmad76@gmail.com<\/strong><\/a><\/p>\n<p>L\u2019article <a rel=\"nofollow\" href=\"https:\/\/www.sidwaya.info\/blog\/2022\/03\/18\/secteur-minier-burkinabe-la-duree-de-vie-des-mines-peux-etre-ecourtee-du-fait-dun-cout-eleve-de-lenergie-dixit-mahamadou-issiyakou\/\">Secteur minier burkinab\u00e8\u00a0: \u00ab\u00a0La dur\u00e9e de vie des mines peux \u00eatre \u00e9court\u00e9e du fait d\u2019un co\u00fbt \u00e9lev\u00e9 de l\u2019Energie\u00a0\u00bb, dixit Mahamadou Issiyakou.<\/a> est apparu en premier sur <a rel=\"nofollow\" href=\"https:\/\/www.sidwaya.info\/\">Quotidien Sidwaya<\/a>.<\/p>\n<\/div>\n<p>Auteur: Wamini SIDWAYA<br \/>\n<a href=\"https:\/\/www.sidwaya.info\/blog\/2022\/03\/18\/secteur-minier-burkinabe-la-duree-de-vie-des-mines-peux-etre-ecourtee-du-fait-dun-cout-eleve-de-lenergie-dixit-mahamadou-issiyakou\/?utm_source=rss&#038;utm_medium=rss&#038;utm_campaign=secteur-minier-burkinabe-la-duree-de-vie-des-mines-peux-etre-ecourtee-du-fait-dun-cout-eleve-de-lenergie-dixit-mahamadou-issiyakou\">Cliquez ici pour lire l&rsquo;article depuis sa source.<\/a><\/p>\n","protected":false},"excerpt":{"rendered":"<p>Dans cet entretien accord\u00e9 \u00e0 Sidwaya, le Directeur Groupe en Charge de la Transition Energ\u00e9tique chez Endeavour Mining, Mahamadou Issiyakou, par ailleurs ancien Directeur G\u00e9n\u00e9ral de la Mine de Boungou et de la Mine d\u2019Ity en C\u00f4te d\u2019Ivoire, revient sur l\u2019un des facteurs qui handicape la comp\u00e9titivit\u00e9 du secteur minier burkinab\u00e8, \u00e0 savoir l\u2019acc\u00e8s \u00e0 [&hellip;]<\/p>\n","protected":false},"author":1816,"featured_media":0,"comment_status":"closed","ping_status":"closed","sticky":false,"template":"","format":"standard","meta":{"fifu_image_url":"https:\/\/www.sidwaya.info\/wp-content\/uploads\/2022\/03\/Ph-cater.jpeg","fifu_image_alt":"Secteur minier burkinab\u00e8\u00a0: \u00ab\u00a0La dur\u00e9e de vie des mines peux \u00eatre \u00e9court\u00e9e du fait d\u2019un co\u00fbt \u00e9lev\u00e9 de l\u2019Energie\u00a0\u00bb, dixit Mahamadou Issiyakou.","footnotes":""},"categories":[73,81],"tags":[],"class_list":["post-143437","post","type-post","status-publish","format-standard","hentry","category-actualite","category-burkina-faso"],"_links":{"self":[{"href":"https:\/\/linitiative.ca\/International\/wp-json\/wp\/v2\/posts\/143437","targetHints":{"allow":["GET"]}}],"collection":[{"href":"https:\/\/linitiative.ca\/International\/wp-json\/wp\/v2\/posts"}],"about":[{"href":"https:\/\/linitiative.ca\/International\/wp-json\/wp\/v2\/types\/post"}],"author":[{"embeddable":true,"href":"https:\/\/linitiative.ca\/International\/wp-json\/wp\/v2\/users\/1816"}],"replies":[{"embeddable":true,"href":"https:\/\/linitiative.ca\/International\/wp-json\/wp\/v2\/comments?post=143437"}],"version-history":[{"count":0,"href":"https:\/\/linitiative.ca\/International\/wp-json\/wp\/v2\/posts\/143437\/revisions"}],"wp:attachment":[{"href":"https:\/\/linitiative.ca\/International\/wp-json\/wp\/v2\/media?parent=143437"}],"wp:term":[{"taxonomy":"category","embeddable":true,"href":"https:\/\/linitiative.ca\/International\/wp-json\/wp\/v2\/categories?post=143437"},{"taxonomy":"post_tag","embeddable":true,"href":"https:\/\/linitiative.ca\/International\/wp-json\/wp\/v2\/tags?post=143437"}],"curies":[{"name":"wp","href":"https:\/\/api.w.org\/{rel}","templated":true}]}}