{"id":143440,"date":"2022-03-18T09:05:57","date_gmt":"2022-03-18T13:05:57","guid":{"rendered":"https:\/\/linitiative.ca\/International\/mali-lunion-internationale-de-la-presse-francophone-condamne-la-fermeture-de-rfi-et-france-24\/"},"modified":"2022-03-18T09:05:57","modified_gmt":"2022-03-18T13:05:57","slug":"mali-lunion-internationale-de-la-presse-francophone-condamne-la-fermeture-de-rfi-et-france-24","status":"publish","type":"post","link":"https:\/\/linitiative.ca\/International\/mali-lunion-internationale-de-la-presse-francophone-condamne-la-fermeture-de-rfi-et-france-24\/","title":{"rendered":"Mali : L\u2019Union internationale de la presse francophone condamne la fermeture de RFI et France 24"},"content":{"rendered":"<div>\n<p>Accus\u00e9s de fausses all\u00e9gations et de d\u00e9stabilisation de la Transition, le gouvernement malien a d\u00e9cid\u00e9 de suspendre RFI et France 24. Cette suspension de ces deux grands m\u00e9dias internationaux est, selon APA, d\u00e9nonc\u00e9e par l\u2019Union internationale de la presse francophone (UPF-international).<\/p>\n<p>S\u2019interrogeant sur les motivations r\u00e9elles de cette d\u00e9marche, l\u2019Union Internationale de la Presse Francophone affirme que cette d\u00e9cision porte gravement atteinte \u00e0 la libert\u00e9 d\u2019information et peut avoir des cons\u00e9quences n\u00e9fastes sur la situation de la profession journalistique au Mali.<\/p>\n<p><strong>La R\u00e9daction<\/strong><\/p>\n<p>\u00a0<\/p>\n<p>L\u2019article <a rel=\"nofollow\" href=\"https:\/\/www.sidwaya.info\/blog\/2022\/03\/18\/mali-lunion-internationale-de-la-presse-francophone-condamne-la-fermeture-de-rfi-et-france-24\/\">Mali : L\u2019Union internationale de la presse francophone condamne la fermeture de RFI et France 24<\/a> est apparu en premier sur <a rel=\"nofollow\" href=\"https:\/\/www.sidwaya.info\/\">Quotidien Sidwaya<\/a>.<\/p>\n<\/div>\n<p>Auteur: Wamini SIDWAYA<br \/>\n<a href=\"https:\/\/www.sidwaya.info\/blog\/2022\/03\/18\/mali-lunion-internationale-de-la-presse-francophone-condamne-la-fermeture-de-rfi-et-france-24\/?utm_source=rss&#038;utm_medium=rss&#038;utm_campaign=mali-lunion-internationale-de-la-presse-francophone-condamne-la-fermeture-de-rfi-et-france-24\">Cliquez ici pour lire l&rsquo;article depuis sa source.<\/a><\/p>\n","protected":false},"excerpt":{"rendered":"<p>Accus\u00e9s de fausses all\u00e9gations et de d\u00e9stabilisation de la Transition, le gouvernement malien a d\u00e9cid\u00e9 de suspendre RFI et France 24. Cette suspension de ces deux grands m\u00e9dias internationaux est, selon APA, d\u00e9nonc\u00e9e par l\u2019Union internationale de la presse francophone (UPF-international). S\u2019interrogeant sur les motivations r\u00e9elles de cette d\u00e9marche, l\u2019Union Internationale de la Presse Francophone [&hellip;]<\/p>\n","protected":false},"author":1816,"featured_media":0,"comment_status":"closed","ping_status":"closed","sticky":false,"template":"","format":"standard","meta":{"fifu_image_url":"","fifu_image_alt":"","footnotes":""},"categories":[73,81],"tags":[],"class_list":["post-143440","post","type-post","status-publish","format-standard","hentry","category-actualite","category-burkina-faso"],"_links":{"self":[{"href":"https:\/\/linitiative.ca\/International\/wp-json\/wp\/v2\/posts\/143440","targetHints":{"allow":["GET"]}}],"collection":[{"href":"https:\/\/linitiative.ca\/International\/wp-json\/wp\/v2\/posts"}],"about":[{"href":"https:\/\/linitiative.ca\/International\/wp-json\/wp\/v2\/types\/post"}],"author":[{"embeddable":true,"href":"https:\/\/linitiative.ca\/International\/wp-json\/wp\/v2\/users\/1816"}],"replies":[{"embeddable":true,"href":"https:\/\/linitiative.ca\/International\/wp-json\/wp\/v2\/comments?post=143440"}],"version-history":[{"count":0,"href":"https:\/\/linitiative.ca\/International\/wp-json\/wp\/v2\/posts\/143440\/revisions"}],"wp:attachment":[{"href":"https:\/\/linitiative.ca\/International\/wp-json\/wp\/v2\/media?parent=143440"}],"wp:term":[{"taxonomy":"category","embeddable":true,"href":"https:\/\/linitiative.ca\/International\/wp-json\/wp\/v2\/categories?post=143440"},{"taxonomy":"post_tag","embeddable":true,"href":"https:\/\/linitiative.ca\/International\/wp-json\/wp\/v2\/tags?post=143440"}],"curies":[{"name":"wp","href":"https:\/\/api.w.org\/{rel}","templated":true}]}}