{"id":143441,"date":"2022-03-18T12:46:16","date_gmt":"2022-03-18T16:46:16","guid":{"rendered":"https:\/\/linitiative.ca\/International\/lutte-contre-le-terrorisme-tout-est-mis-en-oeuvre-pour-que-nous-ayons-des-resultats-conseil-des-ministres\/"},"modified":"2022-03-18T12:46:16","modified_gmt":"2022-03-18T16:46:16","slug":"lutte-contre-le-terrorisme-tout-est-mis-en-oeuvre-pour-que-nous-ayons-des-resultats-conseil-des-ministres","status":"publish","type":"post","link":"https:\/\/linitiative.ca\/International\/lutte-contre-le-terrorisme-tout-est-mis-en-oeuvre-pour-que-nous-ayons-des-resultats-conseil-des-ministres\/","title":{"rendered":"Lutte contre le terrorisme\u00a0: \u00ab\u00a0Tout est mis en \u0153uvre pour que nous ayons des r\u00e9sultats\u00a0\u00bb (Conseil des ministres)"},"content":{"rendered":"<div>\n<p><strong>Le gouvernement Albert Ou\u00e9draogo a tenu son premier Conseil des ministres ce vendredi 18 mars 2022.<\/strong><\/p>\n<p>Le premier Conseil des ministres s\u2019est tenu ce vendredi 18 mars \u00e0 Ouagadougou<em>. \u00ab\u00a0Le Pr\u00e9sident du Faso, Paul-Henri Damiba a rappel\u00e9 que c\u2019est dans l\u2019action de chaque membre du gouvernement, nos actions quotidiennes que nous allons honorer les hommes et les femmes qui sont tomb\u00e9s pour ce pays\u00a0\u00bb<\/em>, a indiqu\u00e9 \u00e0 sa sortie du Conseil, le ministre en charge de l\u2019\u00e9ducation nationale, porte-parole du gouvernement, Lionel Bilgo.<\/p>\n<p>Le porte-parole du gouvernement a aussi ajout\u00e9 : <em>\u00ab Nous avons invit\u00e9 l\u2019ensemble des Burkinab\u00e8 \u00e0 inverser la tendance tout en essayant d\u2019\u00eatre unis et solidaires dans nos actions, de faire en sorte que partout o\u00f9 nous sommes, nous soyons acteurs de la d\u00e9fense de notre territoire national \u00e0 travers nos attitudes, nos comportements, mais \u00e0 travers une solidarit\u00e9 d\u00e9termin\u00e9e pour lutter contre le terrorisme dans notre pays \u00bb.<\/em><\/p>\n<p>Au titre du Premier minist\u00e8re, le Conseil des ministres a adopt\u00e9 un d\u00e9cret portant attribution des membres du gouvernement. Pour le ministre Lionel Bilgo, ce d\u00e9cret d\u00e9finit le r\u00f4le et la place de chaque ministre, ministre d\u00e9l\u00e9gu\u00e9 et offre un r\u00e9f\u00e9rentiel pr\u00e9cis et rationnel \u00e0 l\u2019administration de l\u2019Etat pour son organisation. Selon lui, l\u2019adoption de ce d\u00e9cret va permettre aux membres du gouvernement d\u2019assurer de fa\u00e7on efficace et effectivement leurs missions.<\/p>\n<p><img decoding=\"async\" loading=\"lazy\" class=\"alignnone wp-image-46894 size-full\" src=\"https:\/\/linitiative.ca\/International\/wp-content\/uploads\/sites\/23\/2022\/03\/Ph-Lionel.jpg\" alt=\"\" width=\"1280\" height=\"960\" srcset=\"https:\/\/linitiative.ca\/International\/wp-content\/uploads\/sites\/23\/2022\/03\/Ph-Lionel.jpg 1280w, https:\/\/www.sidwaya.info\/wp-content\/uploads\/2022\/03\/Ph-Lionel-300x225.jpg 300w, https:\/\/www.sidwaya.info\/wp-content\/uploads\/2022\/03\/Ph-Lionel-1024x768.jpg 1024w, https:\/\/www.sidwaya.info\/wp-content\/uploads\/2022\/03\/Ph-Lionel-768x576.jpg 768w, https:\/\/www.sidwaya.info\/wp-content\/uploads\/2022\/03\/Ph-Lionel-150x113.jpg 150w, https:\/\/www.sidwaya.info\/wp-content\/uploads\/2022\/03\/Ph-Lionel-696x522.jpg 696w, https:\/\/www.sidwaya.info\/wp-content\/uploads\/2022\/03\/Ph-Lionel-1068x801.jpg 1068w, https:\/\/www.sidwaya.info\/wp-content\/uploads\/2022\/03\/Ph-Lionel-560x420.jpg 560w, https:\/\/www.sidwaya.info\/wp-content\/uploads\/2022\/03\/Ph-Lionel-80x60.jpg 80w, https:\/\/www.sidwaya.info\/wp-content\/uploads\/2022\/03\/Ph-Lionel-265x198.jpg 265w\" sizes=\"auto, (max-width: 1280px) 100vw, 1280px\"><\/p>\n<p>Deux communications orales ont \u00e9t\u00e9 pr\u00e9sent\u00e9es au cours du Conseil. Ces communications ont permis au gouvernement de prendre la mesure de la situation s\u00e9curitaire, de comprendre les enjeux et les d\u00e9fis, notamment en termes de lutte contre le terrorisme et aussi du renforcement de nos actions en termes de s\u00e9curisation de l\u2019ensemble du territoire. Il a affirm\u00e9 que ces communications ont permis au gouvernement de saisir la situation actuelle du pays, de comprendre l\u2019ensemble des d\u00e9fis et voir l\u2019ensemble des strat\u00e9gies mis en \u0153uvre pour permettre un retour cons\u00e9cutif de la paix dans notre pays.<\/p>\n<p>R\u00e9agissant \u00e0 la situation s\u00e9curitaire qui fait \u00e9cho ces derni\u00e8res semaines \u00e0 Djibo, Lionel Bilgo a rassur\u00e9 qu\u2019une strat\u00e9gie militaire est en train de se d\u00e9ployer sur le terrain et les Forces de d\u00e9fense et de s\u00e9curit\u00e9 (FDS) travaillent de sorte \u00e0 r\u00e9soudre cette crise s\u00e9curitaire. Toutefois, il a pr\u00e9cis\u00e9 qu\u2019il y a des strat\u00e9gies militaires mises en \u0153uvre qui ne peuvent pas \u00eatre expliqu\u00e9es publiquement pour non seulement garantir la s\u00e9curit\u00e9 des FDS qui vont se d\u00e9ployer sur le terrain mais aussi pour garantir le r\u00e9sultat de cette action. Il assure que tout est mis en \u0153uvre pour aboutir aux r\u00e9sultats positifs.<\/p>\n<p style=\"text-align: right\"><strong>La R\u00e9daction<\/strong><\/p>\n<p>Lire le\u00a0 <a href=\"https:\/\/www.sidwaya.info\/wp-content\/uploads\/2022\/03\/CONSEIL-DES-MINISTRES-N%C2%B0005-DU-18-MARS-2022.pdf\">CONSEIL DES MINISTRES N\u00b0005 DU 18 MARS 2022<\/a><\/p>\n<p>\u00a0<\/p>\n<p>L\u2019article <a rel=\"nofollow\" href=\"https:\/\/www.sidwaya.info\/blog\/2022\/03\/18\/lutte-contre-le-terrorisme-tout-est-mis-en-oeuvre-pour-que-vous-ayez-des-resultats-conseil-des-ministres\/\">Lutte contre le terrorisme\u00a0: \u00ab\u00a0Tout est mis en \u0153uvre pour que nous ayons des r\u00e9sultats\u00a0\u00bb (Conseil des ministres)<\/a> est apparu en premier sur <a rel=\"nofollow\" href=\"https:\/\/www.sidwaya.info\/\">Quotidien Sidwaya<\/a>.<\/p>\n<\/div>\n<p>Auteur: Wamini SIDWAYA<br \/>\n<a href=\"https:\/\/www.sidwaya.info\/blog\/2022\/03\/18\/lutte-contre-le-terrorisme-tout-est-mis-en-oeuvre-pour-que-vous-ayez-des-resultats-conseil-des-ministres\/?utm_source=rss&#038;utm_medium=rss&#038;utm_campaign=lutte-contre-le-terrorisme-tout-est-mis-en-oeuvre-pour-que-vous-ayez-des-resultats-conseil-des-ministres\">Cliquez ici pour lire l&rsquo;article depuis sa source.<\/a><\/p>\n","protected":false},"excerpt":{"rendered":"<p>Le gouvernement Albert Ou\u00e9draogo a tenu son premier Conseil des ministres ce vendredi 18 mars 2022. Le premier Conseil des ministres s\u2019est tenu ce vendredi 18 mars \u00e0 Ouagadougou. \u00ab\u00a0Le Pr\u00e9sident du Faso, Paul-Henri Damiba a rappel\u00e9 que c\u2019est dans l\u2019action de chaque membre du gouvernement, nos actions quotidiennes que nous allons honorer les hommes [&hellip;]<\/p>\n","protected":false},"author":1816,"featured_media":0,"comment_status":"closed","ping_status":"closed","sticky":false,"template":"","format":"standard","meta":{"fifu_image_url":"https:\/\/www.sidwaya.info\/wp-content\/uploads\/2022\/03\/Ph-Lionel.jpg","fifu_image_alt":"Lutte contre le terrorisme\u00a0: \u00ab\u00a0Tout est mis en \u0153uvre pour que nous ayons des r\u00e9sultats\u00a0\u00bb (Conseil des ministres)","footnotes":""},"categories":[73,81],"tags":[],"class_list":["post-143441","post","type-post","status-publish","format-standard","hentry","category-actualite","category-burkina-faso"],"_links":{"self":[{"href":"https:\/\/linitiative.ca\/International\/wp-json\/wp\/v2\/posts\/143441","targetHints":{"allow":["GET"]}}],"collection":[{"href":"https:\/\/linitiative.ca\/International\/wp-json\/wp\/v2\/posts"}],"about":[{"href":"https:\/\/linitiative.ca\/International\/wp-json\/wp\/v2\/types\/post"}],"author":[{"embeddable":true,"href":"https:\/\/linitiative.ca\/International\/wp-json\/wp\/v2\/users\/1816"}],"replies":[{"embeddable":true,"href":"https:\/\/linitiative.ca\/International\/wp-json\/wp\/v2\/comments?post=143441"}],"version-history":[{"count":0,"href":"https:\/\/linitiative.ca\/International\/wp-json\/wp\/v2\/posts\/143441\/revisions"}],"wp:attachment":[{"href":"https:\/\/linitiative.ca\/International\/wp-json\/wp\/v2\/media?parent=143441"}],"wp:term":[{"taxonomy":"category","embeddable":true,"href":"https:\/\/linitiative.ca\/International\/wp-json\/wp\/v2\/categories?post=143441"},{"taxonomy":"post_tag","embeddable":true,"href":"https:\/\/linitiative.ca\/International\/wp-json\/wp\/v2\/tags?post=143441"}],"curies":[{"name":"wp","href":"https:\/\/api.w.org\/{rel}","templated":true}]}}