{"id":143443,"date":"2022-03-18T15:04:19","date_gmt":"2022-03-18T19:04:19","guid":{"rendered":"https:\/\/linitiative.ca\/International\/proces-thomas-sankara-le-conseil-constitutionnel-rejette-la-requete-de-la-defense\/"},"modified":"2022-03-18T15:04:19","modified_gmt":"2022-03-18T19:04:19","slug":"proces-thomas-sankara-le-conseil-constitutionnel-rejette-la-requete-de-la-defense","status":"publish","type":"post","link":"https:\/\/linitiative.ca\/International\/proces-thomas-sankara-le-conseil-constitutionnel-rejette-la-requete-de-la-defense\/","title":{"rendered":"Proc\u00e8s Thomas Sankara: le Conseil constitutionnel rejette la requ\u00eate de la d\u00e9fense"},"content":{"rendered":"<div>\n<p>Dans le proc\u00e8s Thomas Sankara, le conseil constitutionnel a rendu sa d\u00e9cision ce vendredi 18 mars 2022 sur l\u2019exception d\u2019inconstitutionnalit\u00e9 des art.312-1 et 313-2.\u00a0\u00a0En effet, les requ\u00eates en d\u00e9claration d\u2019inconstitutionnalit\u00e9 ont \u00e9t\u00e9 d\u00e9clar\u00e9es recevables, mais rejet\u00e9es comme \u00e9tant mal fond\u00e9es.<\/p>\n<p>En rappel le 3 mars 2022, lors de la reprise du proc\u00e8s Thomas Sankara, Me Diakit\u00e9, avocat de la d\u00e9fense, a soulev\u00e9 une exception d\u2019inconstitutionnalit\u00e9 devant le Conseil constitutionnel se fondant sur\u00a0 la prestation de serment du lieutenant-colonel Paul Henri Sandaogo Damiba devant les sages du Conseil constitutionnel, l\u2019infraction d\u2019attentat \u00e0 la s\u00fbret\u00e9 de l\u2019Etat n\u2019est plus une infraction pour lui.<\/p>\n<p>lire la\u00a0 <a href=\"https:\/\/www.sidwaya.info\/wp-content\/uploads\/2022\/03\/Decision-n%C2%B0-2022-005-CC-sur-les-requetes-de-messieurs-Mory-Aldiouma-Jean-Pierre-PALM-Tibo-OUEDRAOGO-ET-TRAORE-Bossobe-en-exception-dinsconstitutionnalite-des-articles-313-1-et-313-2-du-Code-penal.pdf\">D\u00e9cision n\u00b0 2022-005 CC sur les requ\u00eates de messieurs Mory Aldiouma Jean Pierre PALM, Tibo OUEDRAOGO ET TRAORE Bossob\u00e9 en exception d\u2019insconstitutionnalit\u00e9 des articles 313-1 et 313-2 du Code p\u00e9nal<\/a><\/p>\n<p>L\u2019article <a rel=\"nofollow\" href=\"https:\/\/www.sidwaya.info\/blog\/2022\/03\/18\/poursuite-du-proces-thomas-sankara-le-conseil-constitutionnel-rejette-la-requete-de-la-defense\/\">Proc\u00e8s Thomas Sankara: le Conseil constitutionnel rejette la requ\u00eate de la d\u00e9fense<\/a> est apparu en premier sur <a rel=\"nofollow\" href=\"https:\/\/www.sidwaya.info\/\">Quotidien Sidwaya<\/a>.<\/p>\n<\/div>\n<p>Auteur: BS. Sidwaya<br \/>\n<a href=\"https:\/\/www.sidwaya.info\/blog\/2022\/03\/18\/poursuite-du-proces-thomas-sankara-le-conseil-constitutionnel-rejette-la-requete-de-la-defense\/?utm_source=rss&#038;utm_medium=rss&#038;utm_campaign=poursuite-du-proces-thomas-sankara-le-conseil-constitutionnel-rejette-la-requete-de-la-defense\">Cliquez ici pour lire l&rsquo;article depuis sa source.<\/a><\/p>\n","protected":false},"excerpt":{"rendered":"<p>Dans le proc\u00e8s Thomas Sankara, le conseil constitutionnel a rendu sa d\u00e9cision ce vendredi 18 mars 2022 sur l\u2019exception d\u2019inconstitutionnalit\u00e9 des art.312-1 et 313-2.\u00a0\u00a0En effet, les requ\u00eates en d\u00e9claration d\u2019inconstitutionnalit\u00e9 ont \u00e9t\u00e9 d\u00e9clar\u00e9es recevables, mais rejet\u00e9es comme \u00e9tant mal fond\u00e9es. En rappel le 3 mars 2022, lors de la reprise du proc\u00e8s Thomas Sankara, Me [&hellip;]<\/p>\n","protected":false},"author":1816,"featured_media":0,"comment_status":"closed","ping_status":"closed","sticky":false,"template":"","format":"standard","meta":{"fifu_image_url":"","fifu_image_alt":"","footnotes":""},"categories":[73,81],"tags":[],"class_list":["post-143443","post","type-post","status-publish","format-standard","hentry","category-actualite","category-burkina-faso"],"_links":{"self":[{"href":"https:\/\/linitiative.ca\/International\/wp-json\/wp\/v2\/posts\/143443","targetHints":{"allow":["GET"]}}],"collection":[{"href":"https:\/\/linitiative.ca\/International\/wp-json\/wp\/v2\/posts"}],"about":[{"href":"https:\/\/linitiative.ca\/International\/wp-json\/wp\/v2\/types\/post"}],"author":[{"embeddable":true,"href":"https:\/\/linitiative.ca\/International\/wp-json\/wp\/v2\/users\/1816"}],"replies":[{"embeddable":true,"href":"https:\/\/linitiative.ca\/International\/wp-json\/wp\/v2\/comments?post=143443"}],"version-history":[{"count":0,"href":"https:\/\/linitiative.ca\/International\/wp-json\/wp\/v2\/posts\/143443\/revisions"}],"wp:attachment":[{"href":"https:\/\/linitiative.ca\/International\/wp-json\/wp\/v2\/media?parent=143443"}],"wp:term":[{"taxonomy":"category","embeddable":true,"href":"https:\/\/linitiative.ca\/International\/wp-json\/wp\/v2\/categories?post=143443"},{"taxonomy":"post_tag","embeddable":true,"href":"https:\/\/linitiative.ca\/International\/wp-json\/wp\/v2\/tags?post=143443"}],"curies":[{"name":"wp","href":"https:\/\/api.w.org\/{rel}","templated":true}]}}