{"id":143445,"date":"2022-03-18T14:18:03","date_gmt":"2022-03-18T18:18:03","guid":{"rendered":"https:\/\/linitiative.ca\/International\/senegal-le-president-du-groupe-de-la-banque-mondiale-attendu-lundi\/"},"modified":"2022-03-18T14:18:03","modified_gmt":"2022-03-18T18:18:03","slug":"senegal-le-president-du-groupe-de-la-banque-mondiale-attendu-lundi","status":"publish","type":"post","link":"https:\/\/linitiative.ca\/International\/senegal-le-president-du-groupe-de-la-banque-mondiale-attendu-lundi\/","title":{"rendered":"S\u00e9n\u00e9gal : le pr\u00e9sident du Groupe de la Banque Mondiale attendu lundi"},"content":{"rendered":"<div>\n<p><img decoding=\"async\" width=\"618\" height=\"394\" src=\"https:\/\/linitiative.ca\/International\/wp-content\/uploads\/sites\/23\/2022\/03\/16476274837890.jpg\" class=\"attachment-post-thumbnail size-post-thumbnail wp-post-image\" alt=\"\" loading=\"lazy\" srcset=\"https:\/\/linitiative.ca\/International\/wp-content\/uploads\/sites\/23\/2022\/03\/16476274837890.jpg 618w, https:\/\/www.journalducameroun.com\/wp-content\/uploads\/2022\/03\/16476274837890-300x191.jpg 300w, https:\/\/www.journalducameroun.com\/wp-content\/uploads\/2022\/03\/16476274837890-600x383.jpg 600w\" sizes=\"auto, (max-width: 618px) 100vw, 618px\"><\/p>\n<p>La visite de deux jours \u00e0 Dakar de David Malpass est plac\u00e9e sous le sceau du renforcement de la collaboration entre l&rsquo;institution de Bretton Woods et le gouvernement s\u00e9n\u00e9galais.Premier voyage officiel pour le pr\u00e9sident du Groupe de la Banque Mondiale au S\u00e9n\u00e9gal et en Afrique occidentale et centrale. Dans un communiqu\u00e9, re\u00e7u vendredi \u00e0 APA, David Malpass a d\u00e9clar\u00e9 que son institution est\u00a0\u00ab tr\u00e8s attach\u00e9e \u00e0 maintenir son partenariat de longue date avec le S\u00e9n\u00e9gal pour augmenter le revenu m\u00e9dian des m\u00e9nages et promouvoir une prosp\u00e9rit\u00e9 partag\u00e9e\u00a0\u00bb.<\/p>\n<p>Ce pays, souligne le document, assure actuellement la pr\u00e9sidence de l&rsquo;Union Africaine (UA) et accueille du 21 au 26 mars 2022\u00a0le Forum mondial de l&rsquo;eau. Cela \u00ab d\u00e9montre un leadership international marquant\u00a0\u00bb, conclut le Groupe de la Banque Mondiale.<\/p>\n<p>David Malpass participera \u00e0 cet \u00e9v\u00e9nement international dont le th\u00e8me est \u00ab La s\u00e9curit\u00e9 de l&rsquo;eau pour la paix et le d\u00e9veloppement \u00bb. L&rsquo;\u00e9conomiste am\u00e9ricain y \u00ab rencontrera Macky Sall, pr\u00e9sident du S\u00e9n\u00e9gal et s&rsquo;entretiendra \u00e9galement avec des partenaires de d\u00e9veloppement et des parties prenantes de premier plan \u00bb, informe la source.<\/p>\n<p>Au cours de son s\u00e9jour, M. Malpass a en outre pr\u00e9vu de visiter divers projets financ\u00e9s par le Groupe de la Banque mondiale parmi lesquels le chantier de construction du syst\u00e8me de bus rapides BRT \u00e0 Dakar et un fournisseur de service internet.<\/p>\n<p>Le portefeuille de la Banque mondiale au S\u00e9n\u00e9gal comprend actuellement 20 projets nationaux financ\u00e9s par l&rsquo;Association internationale de d\u00e9veloppement (Ida, sigle en anglais) pour un montant total de 2,32 milliards de dollars et 10 op\u00e9rations r\u00e9gionales repr\u00e9sentant 480 millions de dollars d&rsquo;engagements.<\/p>\n<p>Au 31 janvier 2022, le portefeuille de la Soci\u00e9t\u00e9 financi\u00e8re internationale (IFC, sigle en anglais) au S\u00e9n\u00e9gal &#8211; en investissements pour son compte propre et en services de conseil &#8211; s&rsquo;\u00e9levait \u00e0 283,8 millions de dollars.<\/p>\n<p>Cet article <a rel=\"nofollow\" href=\"https:\/\/www.journalducameroun.com\/senegal-le-president-du-groupe-de-la-banque-mondiale-attendu-lundi\/\">S\u00e9n\u00e9gal : le pr\u00e9sident du Groupe de la Banque Mondiale attendu lundi<\/a> est apparu en premier sur <a rel=\"nofollow\" href=\"https:\/\/www.journalducameroun.com\/\">Journal du Cameroun<\/a>.<\/p>\n<\/div>\n<p>Auteur: APA News<br \/>\n<a href=\"https:\/\/www.journalducameroun.com\/senegal-le-president-du-groupe-de-la-banque-mondiale-attendu-lundi\/\">Cliquez ici pour lire l&rsquo;article depuis sa source.<\/a><\/p>\n","protected":false},"excerpt":{"rendered":"<p>La visite de deux jours \u00e0 Dakar de David Malpass est plac\u00e9e sous le sceau du renforcement de la collaboration entre l&rsquo;institution de Bretton Woods et le gouvernement s\u00e9n\u00e9galais.Premier voyage officiel pour le pr\u00e9sident du Groupe de la Banque Mondiale au S\u00e9n\u00e9gal et en Afrique occidentale et centrale. Dans un communiqu\u00e9, re\u00e7u vendredi \u00e0 APA, [&hellip;]<\/p>\n","protected":false},"author":1965,"featured_media":0,"comment_status":"closed","ping_status":"closed","sticky":false,"template":"","format":"standard","meta":{"fifu_image_url":"https:\/\/www.journalducameroun.com\/wp-content\/uploads\/2022\/03\/16476274837890.jpg","fifu_image_alt":"S\u00e9n\u00e9gal : le pr\u00e9sident du Groupe de la Banque Mondiale attendu lundi","footnotes":""},"categories":[73,82],"tags":[],"class_list":["post-143445","post","type-post","status-publish","format-standard","hentry","category-actualite","category-cameroun"],"_links":{"self":[{"href":"https:\/\/linitiative.ca\/International\/wp-json\/wp\/v2\/posts\/143445","targetHints":{"allow":["GET"]}}],"collection":[{"href":"https:\/\/linitiative.ca\/International\/wp-json\/wp\/v2\/posts"}],"about":[{"href":"https:\/\/linitiative.ca\/International\/wp-json\/wp\/v2\/types\/post"}],"author":[{"embeddable":true,"href":"https:\/\/linitiative.ca\/International\/wp-json\/wp\/v2\/users\/1965"}],"replies":[{"embeddable":true,"href":"https:\/\/linitiative.ca\/International\/wp-json\/wp\/v2\/comments?post=143445"}],"version-history":[{"count":0,"href":"https:\/\/linitiative.ca\/International\/wp-json\/wp\/v2\/posts\/143445\/revisions"}],"wp:attachment":[{"href":"https:\/\/linitiative.ca\/International\/wp-json\/wp\/v2\/media?parent=143445"}],"wp:term":[{"taxonomy":"category","embeddable":true,"href":"https:\/\/linitiative.ca\/International\/wp-json\/wp\/v2\/categories?post=143445"},{"taxonomy":"post_tag","embeddable":true,"href":"https:\/\/linitiative.ca\/International\/wp-json\/wp\/v2\/tags?post=143445"}],"curies":[{"name":"wp","href":"https:\/\/api.w.org\/{rel}","templated":true}]}}