{"id":143447,"date":"2022-03-18T15:18:03","date_gmt":"2022-03-18T19:18:03","guid":{"rendered":"https:\/\/linitiative.ca\/International\/foot-au-senegal-le-match-guediawaye-fc-as-pikine-annule\/"},"modified":"2022-03-18T15:18:03","modified_gmt":"2022-03-18T19:18:03","slug":"foot-au-senegal-le-match-guediawaye-fc-as-pikine-annule","status":"publish","type":"post","link":"https:\/\/linitiative.ca\/International\/foot-au-senegal-le-match-guediawaye-fc-as-pikine-annule\/","title":{"rendered":"Foot au S\u00e9n\u00e9gal : le match Gu\u00e9diawaye FC \u2013 AS Pikine annul\u00e9"},"content":{"rendered":"<div>\n<p><img decoding=\"async\" width=\"1080\" height=\"719\" src=\"https:\/\/linitiative.ca\/International\/wp-content\/uploads\/sites\/23\/2022\/03\/16476310838702.jpg\" class=\"attachment-post-thumbnail size-post-thumbnail wp-post-image\" alt=\"\" loading=\"lazy\" srcset=\"https:\/\/linitiative.ca\/International\/wp-content\/uploads\/sites\/23\/2022\/03\/16476310838702.jpg 1080w, https:\/\/www.journalducameroun.com\/wp-content\/uploads\/2022\/03\/16476310838702-300x200.jpg 300w, https:\/\/www.journalducameroun.com\/wp-content\/uploads\/2022\/03\/16476310838702-1024x682.jpg 1024w, https:\/\/www.journalducameroun.com\/wp-content\/uploads\/2022\/03\/16476310838702-768x511.jpg 768w, https:\/\/www.journalducameroun.com\/wp-content\/uploads\/2022\/03\/16476310838702-661x440.jpg 661w, https:\/\/www.journalducameroun.com\/wp-content\/uploads\/2022\/03\/16476310838702-600x399.jpg 600w\" sizes=\"auto, (max-width: 1080px) 100vw, 1080px\"><\/p>\n<p>La rencontre de la 14e journ\u00e9e de la Ligue 1, initialement pr\u00e9vue au Stade Pr\u00e9sident Abdoulaye Wade de Diamniadio, ne se tiendra pas le 23 mars prochain en raison du Forum mondial de l&rsquo;eau.Du 21 au 26 mars 2022, le Centre international de conf\u00e9rences Abdou Diouf (Cicad) de Diamniadio, une nouvelle ville \u00e0 la p\u00e9riph\u00e9rie de Dakar, accueille la 9e \u00e9dition du Forum mondial de l&rsquo;eau.<\/p>\n<p>Avec le recul, la F\u00e9d\u00e9ration S\u00e9n\u00e9galaise de Football (FSF) a finalement d\u00e9cid\u00e9 d&rsquo;annuler l&rsquo;opposition entre Gu\u00e9diawaye FC et l&rsquo;AS Pikine qui aurait d\u00fb lui permettre de pr\u00e9parer (organisation, s\u00e9curit\u00e9, sant\u00e9, billetterie\u2026)\u00a0la r\u00e9ception de l&rsquo;\u00c9gypte le 29 mars 2022 dans le cadre des barrages de la Coupe du monde Qatar 2022.<\/p>\n<p>D\u00e9sormais, indique l&rsquo;instance fa\u00eeti\u00e8re, la Ligue S\u00e9n\u00e9galaise de Football Professionnel (LSFP), en rapport avec les deux clubs concern\u00e9s, d\u00e9cidera de la reprogrammation de leur confrontation.<\/p>\n<p>Cet article <a rel=\"nofollow\" href=\"https:\/\/www.journalducameroun.com\/foot-au-senegal-le-match-guediawaye-fc-as-pikine-annule\/\">Foot au S\u00e9n\u00e9gal : le match Gu\u00e9diawaye FC \u2013 AS Pikine annul\u00e9<\/a> est apparu en premier sur <a rel=\"nofollow\" href=\"https:\/\/www.journalducameroun.com\/\">Journal du Cameroun<\/a>.<\/p>\n<\/div>\n<p>Auteur: APA News<br \/>\n<a href=\"https:\/\/www.journalducameroun.com\/foot-au-senegal-le-match-guediawaye-fc-as-pikine-annule\/\">Cliquez ici pour lire l&rsquo;article depuis sa source.<\/a><\/p>\n","protected":false},"excerpt":{"rendered":"<p>La rencontre de la 14e journ\u00e9e de la Ligue 1, initialement pr\u00e9vue au Stade Pr\u00e9sident Abdoulaye Wade de Diamniadio, ne se tiendra pas le 23 mars prochain en raison du Forum mondial de l&rsquo;eau.Du 21 au 26 mars 2022, le Centre international de conf\u00e9rences Abdou Diouf (Cicad) de Diamniadio, une nouvelle ville \u00e0 la p\u00e9riph\u00e9rie [&hellip;]<\/p>\n","protected":false},"author":1965,"featured_media":0,"comment_status":"closed","ping_status":"closed","sticky":false,"template":"","format":"standard","meta":{"fifu_image_url":"https:\/\/www.journalducameroun.com\/wp-content\/uploads\/2022\/03\/16476310838702.jpg","fifu_image_alt":"Foot au S\u00e9n\u00e9gal : le match Gu\u00e9diawaye FC \u2013 AS Pikine annul\u00e9","footnotes":""},"categories":[73,82],"tags":[],"class_list":["post-143447","post","type-post","status-publish","format-standard","hentry","category-actualite","category-cameroun"],"_links":{"self":[{"href":"https:\/\/linitiative.ca\/International\/wp-json\/wp\/v2\/posts\/143447","targetHints":{"allow":["GET"]}}],"collection":[{"href":"https:\/\/linitiative.ca\/International\/wp-json\/wp\/v2\/posts"}],"about":[{"href":"https:\/\/linitiative.ca\/International\/wp-json\/wp\/v2\/types\/post"}],"author":[{"embeddable":true,"href":"https:\/\/linitiative.ca\/International\/wp-json\/wp\/v2\/users\/1965"}],"replies":[{"embeddable":true,"href":"https:\/\/linitiative.ca\/International\/wp-json\/wp\/v2\/comments?post=143447"}],"version-history":[{"count":0,"href":"https:\/\/linitiative.ca\/International\/wp-json\/wp\/v2\/posts\/143447\/revisions"}],"wp:attachment":[{"href":"https:\/\/linitiative.ca\/International\/wp-json\/wp\/v2\/media?parent=143447"}],"wp:term":[{"taxonomy":"category","embeddable":true,"href":"https:\/\/linitiative.ca\/International\/wp-json\/wp\/v2\/categories?post=143447"},{"taxonomy":"post_tag","embeddable":true,"href":"https:\/\/linitiative.ca\/International\/wp-json\/wp\/v2\/tags?post=143447"}],"curies":[{"name":"wp","href":"https:\/\/api.w.org\/{rel}","templated":true}]}}