{"id":143449,"date":"2022-03-18T17:18:03","date_gmt":"2022-03-18T21:18:03","guid":{"rendered":"https:\/\/linitiative.ca\/International\/lespagne-sengage-a-garantir-la-souverainete-et-lintegrite-territoriale-du-maroc\/"},"modified":"2022-03-18T17:18:03","modified_gmt":"2022-03-18T21:18:03","slug":"lespagne-sengage-a-garantir-la-souverainete-et-lintegrite-territoriale-du-maroc","status":"publish","type":"post","link":"https:\/\/linitiative.ca\/International\/lespagne-sengage-a-garantir-la-souverainete-et-lintegrite-territoriale-du-maroc\/","title":{"rendered":"L\u2019Espagne s\u2019engage \u00e0 garantir \u00ab\u00a0la souverainet\u00e9 et l\u2019int\u00e9grit\u00e9 territoriale\u00a0\u00bb du Maroc"},"content":{"rendered":"<div>\n<p><img decoding=\"async\" width=\"290\" height=\"174\" src=\"https:\/\/linitiative.ca\/International\/wp-content\/uploads\/sites\/23\/2022\/03\/16476382833628.jpg\" class=\"attachment-post-thumbnail size-post-thumbnail wp-post-image\" alt=\"\" loading=\"lazy\"><\/p>\n<p>Le gouvernement espagnol s&rsquo;est engag\u00e9, vendredi, \u00e0 garantir \u00ab\u00a0la souverainet\u00e9 et l&rsquo;int\u00e9grit\u00e9 territoriale\u00a0\u00bb du Maroc dans le cadre de \u00ab\u00a0la nouvelle \u00e9tape\u00a0\u00bb entam\u00e9e entre les deux pays.\u00a0\u00bbNous entamons aujourd&rsquo;hui une nouvelle \u00e9tape des relations avec le Maroc, bas\u00e9e sur le respect mutuel, l&rsquo;application des accords, l&rsquo;absence d&rsquo;actions unilat\u00e9rales et la transparence et la communication permanente. Cette nouvelle \u00e9tape sera d\u00e9velopp\u00e9e (&#8230;) sur une feuille de route claire et ambitieuse. Tout cela afin de garantir la stabilit\u00e9, la souverainet\u00e9, l&rsquo;int\u00e9grit\u00e9 territoriale et la prosp\u00e9rit\u00e9 de nos deux pays\u00a0\u00bb, souligne un communiqu\u00e9 de la Pr\u00e9sidence du gouvernement espagnol.<\/p>\n<p>Dans ce sens, le gouvernement espagnol a r\u00e9affirm\u00e9 sa \u00ab\u00a0d\u00e9termination\u00a0\u00bb \u00e0 relever avec le Maroc \u00ab\u00a0les d\u00e9fis communs, notamment la coop\u00e9ration en mati\u00e8re de gestion des flux migratoires en M\u00e9diterran\u00e9e et dans l&rsquo;Atlantique, en agissant toujours dans un esprit de pleine coop\u00e9ration, et \u00e0 r\u00e9tablir la pleine normalit\u00e9 dans la circulation des personnes et des biens au b\u00e9n\u00e9fice de nos peuples\u00a0\u00bb.<\/p>\n<p>Le gouvernement espagnol \u00ab\u00a0se f\u00e9licite\u00a0\u00bb de la programmation de la visite de son pr\u00e9sident au Maroc \u00ab\u00a0en vue de l&rsquo;\u00e9laboration de la feuille de route de cette nouvelle \u00e9tape, ainsi que de l&rsquo;invitation faite au ministre des Affaires \u00e9trang\u00e8res, de l&rsquo;Union europ\u00e9enne et de la Coop\u00e9ration \u00e0 se rendre \u00e0 Rabat avant la fin du mois\u00a0\u00bb, conclut le communiqu\u00e9.<\/p>\n<p>Cette d\u00e9claration intervient apr\u00e8s le message adress\u00e9 au Roi Mohammed VI, le Pr\u00e9sident du gouvernement espagnol, Pedro S\u00e1nchez, et dans lequel il a soulign\u00e9 qu&rsquo;il \u00ab reconna\u00eet l&rsquo;importance de la question du Sahara pour le Maroc\u00bb.<\/p>\n<p>A ce titre, \u00ab l&rsquo;Espagne consid\u00e8re l&rsquo;initiative marocaine d&rsquo;autonomie, pr\u00e9sent\u00e9e en 2007, comme la base la plus s\u00e9rieuse, r\u00e9aliste et cr\u00e9dible pour la r\u00e9solution du diff\u00e9rend \u00bb.<\/p>\n<p>Il a, \u00e9galement, soulign\u00e9 \u00ab les efforts s\u00e9rieux et cr\u00e9dibles du Maroc dans le cadre des Nations Unies pour trouver une solution mutuellement acceptable \u00bb.<\/p>\n<p>Le Pr\u00e9sident du Gouvernement espagnol a, en outre, mis en exergue que les \u00ab deux pays sont unis inextricablement par des affections, une histoire, une g\u00e9ographie, des int\u00e9r\u00eats et une amiti\u00e9 partag\u00e9e\u00bb, se disant \u00ab convaincu que les destins des deux peuples le sont aussi\u00bb et que \u00abla prosp\u00e9rit\u00e9 du Maroc est li\u00e9e \u00e0 celle de l&rsquo;Espagne, et inversement\u00bb.<\/p>\n<p>\u00ab Notre objectif est de construire une nouvelle relation, bas\u00e9e sur la transparence et la communication permanente, le respect mutuel et les accords sign\u00e9s par les deux parties et l&rsquo;abstention de toute action unilat\u00e9rale, \u00e0 la hauteur de l&rsquo;importance de tout ce que nous partageons \u00bb, a affirm\u00e9 le Pr\u00e9sident du Gouvernement espagnol dans son message au Souverain marocain.<\/p>\n<p>Cet article <a rel=\"nofollow\" href=\"https:\/\/www.journalducameroun.com\/lespagne-sengage-a-garantir-la-souverainete-et-lintegrite-territoriale-du-maroc\/\">L\u2019Espagne s\u2019engage \u00e0 garantir \u00ab\u00a0la souverainet\u00e9 et l\u2019int\u00e9grit\u00e9 territoriale\u00a0\u00bb du Maroc<\/a> est apparu en premier sur <a rel=\"nofollow\" href=\"https:\/\/www.journalducameroun.com\/\">Journal du Cameroun<\/a>.<\/p>\n<\/div>\n<p>Auteur: APA News<br \/>\n<a href=\"https:\/\/www.journalducameroun.com\/lespagne-sengage-a-garantir-la-souverainete-et-lintegrite-territoriale-du-maroc\/\">Cliquez ici pour lire l&rsquo;article depuis sa source.<\/a><\/p>\n","protected":false},"excerpt":{"rendered":"<p>Le gouvernement espagnol s&rsquo;est engag\u00e9, vendredi, \u00e0 garantir \u00ab\u00a0la souverainet\u00e9 et l&rsquo;int\u00e9grit\u00e9 territoriale\u00a0\u00bb du Maroc dans le cadre de \u00ab\u00a0la nouvelle \u00e9tape\u00a0\u00bb entam\u00e9e entre les deux pays.\u00a0\u00bbNous entamons aujourd&rsquo;hui une nouvelle \u00e9tape des relations avec le Maroc, bas\u00e9e sur le respect mutuel, l&rsquo;application des accords, l&rsquo;absence d&rsquo;actions unilat\u00e9rales et la transparence et la communication permanente. [&hellip;]<\/p>\n","protected":false},"author":1965,"featured_media":0,"comment_status":"closed","ping_status":"closed","sticky":false,"template":"","format":"standard","meta":{"fifu_image_url":"https:\/\/www.journalducameroun.com\/wp-content\/uploads\/2022\/03\/16476382833628.jpg","fifu_image_alt":"L\u2019Espagne s\u2019engage \u00e0 garantir \u00ab\u00a0la souverainet\u00e9 et l\u2019int\u00e9grit\u00e9 territoriale\u00a0\u00bb du Maroc","footnotes":""},"categories":[73,82],"tags":[],"class_list":["post-143449","post","type-post","status-publish","format-standard","hentry","category-actualite","category-cameroun"],"_links":{"self":[{"href":"https:\/\/linitiative.ca\/International\/wp-json\/wp\/v2\/posts\/143449","targetHints":{"allow":["GET"]}}],"collection":[{"href":"https:\/\/linitiative.ca\/International\/wp-json\/wp\/v2\/posts"}],"about":[{"href":"https:\/\/linitiative.ca\/International\/wp-json\/wp\/v2\/types\/post"}],"author":[{"embeddable":true,"href":"https:\/\/linitiative.ca\/International\/wp-json\/wp\/v2\/users\/1965"}],"replies":[{"embeddable":true,"href":"https:\/\/linitiative.ca\/International\/wp-json\/wp\/v2\/comments?post=143449"}],"version-history":[{"count":0,"href":"https:\/\/linitiative.ca\/International\/wp-json\/wp\/v2\/posts\/143449\/revisions"}],"wp:attachment":[{"href":"https:\/\/linitiative.ca\/International\/wp-json\/wp\/v2\/media?parent=143449"}],"wp:term":[{"taxonomy":"category","embeddable":true,"href":"https:\/\/linitiative.ca\/International\/wp-json\/wp\/v2\/categories?post=143449"},{"taxonomy":"post_tag","embeddable":true,"href":"https:\/\/linitiative.ca\/International\/wp-json\/wp\/v2\/tags?post=143449"}],"curies":[{"name":"wp","href":"https:\/\/api.w.org\/{rel}","templated":true}]}}