{"id":143451,"date":"2022-03-18T17:18:03","date_gmt":"2022-03-18T21:18:03","guid":{"rendered":"https:\/\/linitiative.ca\/International\/affaire-pegasus-le-maroc-demande-de-nouveau-a-ai-de-fournir-des-preuves-de-ses-allegations\/"},"modified":"2022-03-18T17:18:03","modified_gmt":"2022-03-18T21:18:03","slug":"affaire-pegasus-le-maroc-demande-de-nouveau-a-ai-de-fournir-des-preuves-de-ses-allegations","status":"publish","type":"post","link":"https:\/\/linitiative.ca\/International\/affaire-pegasus-le-maroc-demande-de-nouveau-a-ai-de-fournir-des-preuves-de-ses-allegations\/","title":{"rendered":"Affaire Pegasus : le Maroc demande de nouveau \u00e0 AI de fournir des preuves de ses all\u00e9gations"},"content":{"rendered":"<div>\n<p><img decoding=\"async\" width=\"284\" height=\"178\" src=\"https:\/\/linitiative.ca\/International\/wp-content\/uploads\/sites\/23\/2022\/03\/16476382832171.jpg\" class=\"attachment-post-thumbnail size-post-thumbnail wp-post-image\" alt=\"\" loading=\"lazy\"><\/p>\n<p>Le Maroc a demand\u00e9, de nouveau, \u00e0 Amnesty International (AI) d&rsquo;apporter les preuves et les arguments sur ses accusations arbitraires quant \u00e0 la possession et l&rsquo;utilisation malveillante par le Maroc du logiciel Pegasus contre des activistes de la soci\u00e9t\u00e9 civile, \u00a0\u00bbconform\u00e9ment aux exigences d&rsquo;objectivit\u00e9 et de professionnalisme dict\u00e9es par la longue tradition des droits de l&rsquo;Homme, en garantie de la cr\u00e9dibilit\u00e9\u00a0\u00bb.Dans un communiqu\u00e9 publi\u00e9 vendredi, la d\u00e9l\u00e9gation interminist\u00e9rielle aux droits de l&rsquo;Homme (DIDH) indique que les autorit\u00e9s publiques ont affirm\u00e9, en r\u00e9ponse \u00e0 AI qui a publi\u00e9 le 9 mars un communiqu\u00e9 dans lequel elle persiste dans ses accusations arbitraires, que cette organisation se r\u00e9v\u00e8le encore une fois incapable de fournir l&rsquo;argument irr\u00e9futable et la preuve mat\u00e9rielle \u00e9tayant ses all\u00e9gations.<\/p>\n<p>En vue d&rsquo;\u00e9clairer l&rsquo;opinion publique, ajoute le communiqu\u00e9, les autorit\u00e9s publiques r\u00e9affirment ce qu&rsquo;elles ont r\u00e9guli\u00e8rement exprim\u00e9 \u00e0 ce sujet, pr\u00e9cisant que le directeur ex\u00e9cutif d&rsquo;AI au Maroc a \u00e9t\u00e9 inform\u00e9 le 26 juin 2020 de l&rsquo;\u00e9tonnement des autorit\u00e9s marocaines face aux all\u00e9gations de l&rsquo;organisation et son refus de fournir les preuves mat\u00e9rielles qui corroborent ses all\u00e9gations tout en r\u00e9it\u00e9rant la demande des autorit\u00e9s de leur soumettre des arguments de ses assertions.<\/p>\n<p>De m\u00eame, le chef du gouvernement a adress\u00e9 le 1er juillet 2020 une correspondance \u00e0 la secr\u00e9taire g\u00e9n\u00e9rale par int\u00e9rim d&rsquo;Amnesty International lui demandant de fournir les preuves mat\u00e9rielles desdites all\u00e9gations, rappelle-t-on de m\u00eame source.<\/p>\n<p>Le communiqu\u00e9 souligne que les autorit\u00e9s marocaines ont reformul\u00e9, \u00e0 l&rsquo;issue du conseil de gouvernement du 2 juillet 2020, leur demande d&rsquo;\u00eatre inform\u00e9es du sort r\u00e9serv\u00e9 aux preuves et arguments sur lesquels l&rsquo;organisation s&rsquo;appuie dans ses all\u00e9gations.<\/p>\n<p>La m\u00eame source rappelle que le chef du gouvernement a donn\u00e9 le 9 juillet 2020 une d\u00e9claration \u00e0 propos de la r\u00e9ponse fournie par la secr\u00e9taire g\u00e9n\u00e9rale int\u00e9rimaire de l&rsquo;organisation et dans laquelle il affirmait que l&rsquo;Organisation n&rsquo;a pas apport\u00e9 dans sa r\u00e9ponse la moindre preuve qui puisse cr\u00e9diter ses pr\u00e9c\u00e9dentes accusations et all\u00e9gations, r\u00e9it\u00e9rant l&rsquo;appel lanc\u00e9 \u00e0 cette organisation \u00e0 mettre \u00e0 la disposition des autorit\u00e9s marocaines une copie du rapport de l&rsquo;expertise scientifique sur laquelle elle se base pour colporter ses all\u00e9gations.<\/p>\n<p>Les autorit\u00e9s marocaines ont adress\u00e9 le 28 f\u00e9vrier dernier une lettre \u00e0 cette organisation, formulant encore une fois la demande des preuves et arguments mat\u00e9riels desdites all\u00e9gations, conclut la m\u00eame source.<\/p>\n<p>Cet article <a rel=\"nofollow\" href=\"https:\/\/www.journalducameroun.com\/affaire-pegasus-le-maroc-demande-de-nouveau-a-ai-de-fournir-des-preuves-de-ses-allegations\/\">Affaire Pegasus : le Maroc demande de nouveau \u00e0 AI de fournir des preuves de ses all\u00e9gations<\/a> est apparu en premier sur <a rel=\"nofollow\" href=\"https:\/\/www.journalducameroun.com\/\">Journal du Cameroun<\/a>.<\/p>\n<\/div>\n<p>Auteur: APA News<br \/>\n<a href=\"https:\/\/www.journalducameroun.com\/affaire-pegasus-le-maroc-demande-de-nouveau-a-ai-de-fournir-des-preuves-de-ses-allegations\/\">Cliquez ici pour lire l&rsquo;article depuis sa source.<\/a><\/p>\n","protected":false},"excerpt":{"rendered":"<p>Le Maroc a demand\u00e9, de nouveau, \u00e0 Amnesty International (AI) d&rsquo;apporter les preuves et les arguments sur ses accusations arbitraires quant \u00e0 la possession et l&rsquo;utilisation malveillante par le Maroc du logiciel Pegasus contre des activistes de la soci\u00e9t\u00e9 civile, \u00a0\u00bbconform\u00e9ment aux exigences d&rsquo;objectivit\u00e9 et de professionnalisme dict\u00e9es par la longue tradition des droits de [&hellip;]<\/p>\n","protected":false},"author":1965,"featured_media":0,"comment_status":"closed","ping_status":"closed","sticky":false,"template":"","format":"standard","meta":{"fifu_image_url":"https:\/\/www.journalducameroun.com\/wp-content\/uploads\/2022\/03\/16476382832171.jpg","fifu_image_alt":"Affaire Pegasus : le Maroc demande de nouveau \u00e0 AI de fournir des preuves de ses all\u00e9gations","footnotes":""},"categories":[73,82],"tags":[],"class_list":["post-143451","post","type-post","status-publish","format-standard","hentry","category-actualite","category-cameroun"],"_links":{"self":[{"href":"https:\/\/linitiative.ca\/International\/wp-json\/wp\/v2\/posts\/143451","targetHints":{"allow":["GET"]}}],"collection":[{"href":"https:\/\/linitiative.ca\/International\/wp-json\/wp\/v2\/posts"}],"about":[{"href":"https:\/\/linitiative.ca\/International\/wp-json\/wp\/v2\/types\/post"}],"author":[{"embeddable":true,"href":"https:\/\/linitiative.ca\/International\/wp-json\/wp\/v2\/users\/1965"}],"replies":[{"embeddable":true,"href":"https:\/\/linitiative.ca\/International\/wp-json\/wp\/v2\/comments?post=143451"}],"version-history":[{"count":0,"href":"https:\/\/linitiative.ca\/International\/wp-json\/wp\/v2\/posts\/143451\/revisions"}],"wp:attachment":[{"href":"https:\/\/linitiative.ca\/International\/wp-json\/wp\/v2\/media?parent=143451"}],"wp:term":[{"taxonomy":"category","embeddable":true,"href":"https:\/\/linitiative.ca\/International\/wp-json\/wp\/v2\/categories?post=143451"},{"taxonomy":"post_tag","embeddable":true,"href":"https:\/\/linitiative.ca\/International\/wp-json\/wp\/v2\/tags?post=143451"}],"curies":[{"name":"wp","href":"https:\/\/api.w.org\/{rel}","templated":true}]}}