{"id":143453,"date":"2022-03-18T17:18:03","date_gmt":"2022-03-18T21:18:03","guid":{"rendered":"https:\/\/linitiative.ca\/International\/senegal-lusaid-lance-une-nouvelle-initiative-dediee-aux-entrepreneurs\/"},"modified":"2022-03-18T17:18:03","modified_gmt":"2022-03-18T21:18:03","slug":"senegal-lusaid-lance-une-nouvelle-initiative-dediee-aux-entrepreneurs","status":"publish","type":"post","link":"https:\/\/linitiative.ca\/International\/senegal-lusaid-lance-une-nouvelle-initiative-dediee-aux-entrepreneurs\/","title":{"rendered":"S\u00e9n\u00e9gal : l\u2019USAID lance une nouvelle initiative d\u00e9di\u00e9e aux entrepreneurs"},"content":{"rendered":"<div>\n<p><img decoding=\"async\" width=\"1024\" height=\"512\" src=\"https:\/\/linitiative.ca\/International\/wp-content\/uploads\/sites\/23\/2022\/03\/16476382842658.jpg\" class=\"attachment-post-thumbnail size-post-thumbnail wp-post-image\" alt=\"\" loading=\"lazy\" srcset=\"https:\/\/linitiative.ca\/International\/wp-content\/uploads\/sites\/23\/2022\/03\/16476382842658.jpg 1024w, https:\/\/www.journalducameroun.com\/wp-content\/uploads\/2022\/03\/16476382842658-300x150.jpg 300w, https:\/\/www.journalducameroun.com\/wp-content\/uploads\/2022\/03\/16476382842658-768x384.jpg 768w, https:\/\/www.journalducameroun.com\/wp-content\/uploads\/2022\/03\/16476382842658-880x440.jpg 880w, https:\/\/www.journalducameroun.com\/wp-content\/uploads\/2022\/03\/16476382842658-600x300.jpg 600w\" sizes=\"auto, (max-width: 1024px) 100vw, 1024px\"><\/p>\n<p>L&rsquo;Agence des \u00c9tats-Unis pour le d\u00e9veloppement international (USAID) a d\u00e9voil\u00e9, jeudi soir \u00e0 Dakar, le projet \u00ab Reveal (r\u00e9v\u00e9ler en fran\u00e7ais) \u00bb dot\u00e9 d&rsquo;un budget de 150 millions de dollars.Cr\u00e9er, innover et faire prosp\u00e9rer des entreprises gr\u00e2ce \u00e0 des services de conseil et de financement. C&rsquo;est en ces mots que se r\u00e9sume le nouveau projet \u00ab Entrepreneuriat et Investissement \u00bb de l&rsquo;Agence des \u00c9tats-Unis pour le d\u00e9veloppement international (USAID).<\/p>\n<p>Sous un chapiteau dress\u00e9 dans l&rsquo;enceinte du Grand Th\u00e9\u00e2tre Doudou Ndiaye Coumba Rose, des centaines d&rsquo;entrepreneurs, investisseurs, incubateurs, influenceurs et chefs d&rsquo;entreprise de premier plan ont pu \u00e9changer en opportunit\u00e9s d&rsquo;affaires et d&rsquo;investissement.<\/p>\n<p>Ces ateliers interactifs ont notamment permis de retracer le parcours de jeunes qui ont r\u00e9ussi. Ndella Christine Faye en est une. De secr\u00e9taire de direction \u00e0 la F\u00e9d\u00e9ration des boulangers du S\u00e9n\u00e9gal (FBS), elle est pass\u00e9e \u00e0 propri\u00e9taire d&rsquo;une boulangerie \u00e0 Kaolack (Centre).<\/p>\n<p>Pour y arriver, elle a consenti \u00e0 des sacrifices : \u00ab Durant quatre ann\u00e9es, je me suis priv\u00e9e de cheveux naturels, des perruques, des belles robes\u2026\u00a0\u00a0J&rsquo;ai ainsi pu \u00e9pargner quatre millions F\u00a0CFA.\u00a0Par la suite,\u00a0j&rsquo;ai obtenu\u00a0un pr\u00eat de 10 millions F\u00a0CFA.\u00a0N\u00e9anmoins, c&rsquo;\u00e9tait insuffisant pour d\u00e9marrer \u00bb, explique-t-elle sous le regard admiratif de l&rsquo;assistance.<\/p>\n<p>D\u00e9termin\u00e9e \u00e0 atteindre son objectif, elle d\u00e9cide quand m\u00eame de se lancer avec \u00ab des \u00e9quipements d&rsquo;occasion \u00bb. Un pari r\u00e9ussi pour cette dipl\u00f4m\u00e9e en Droit des affaires. \u00ab Aujourd&rsquo;hui, je suis\u00a0la\u00a0cheffe\u00a0d&rsquo;une\u00a0entreprise\u00a0de\u00a0plus de 30 employ\u00e9s. Je travaille\u00a0maintenant\u00a0avec des \u00e9quipements neufs et je fournis du pain chaud aux Kaolackois\u00a0\u00bb, se f\u00e9licite Mme Faye, toute souriante.<\/p>\n<p>Plusieurs autres entrepreneurs ont, \u00e0 travers leurs r\u00e9cits, invit\u00e9 les jeunes d\u00e9sirant se lancer dans la cr\u00e9ation d&rsquo;entreprise \u00e0 plus d&rsquo;abn\u00e9gation et de courage. Des qualit\u00e9s indispensables selon Abdoul Ahad Diallo. \u00ab Je suis rentr\u00e9 de France alors que j&rsquo;avais un salaire de 2 millions F\u00a0CFA. La premi\u00e8re difficult\u00e9 \u00e0 surmonter \u00e9tait de convaincre mes parents. Il m&rsquo;a fallu des mois pour y\u00a0parvenir.\u00a0J&rsquo;ai\u00a0aussi\u00a0v\u00e9cu\u00a0des mois sans salaire. Mais cela ne nous a pas emp\u00each\u00e9 de continuer. Et gr\u00e2ce \u00e0 Dieu, nous nous en sortons bien \u00bb, t\u00e9moigne ce primo-entrepreneur actif dans les Technologies de l&rsquo;information et de la communication.<\/p>\n<p>Cet article <a rel=\"nofollow\" href=\"https:\/\/www.journalducameroun.com\/senegal-lusaid-lance-une-nouvelle-initiative-dediee-aux-entrepreneurs\/\">S\u00e9n\u00e9gal : l\u2019USAID lance une nouvelle initiative d\u00e9di\u00e9e aux entrepreneurs<\/a> est apparu en premier sur <a rel=\"nofollow\" href=\"https:\/\/www.journalducameroun.com\/\">Journal du Cameroun<\/a>.<\/p>\n<\/div>\n<p>Auteur: APA News<br \/>\n<a href=\"https:\/\/www.journalducameroun.com\/senegal-lusaid-lance-une-nouvelle-initiative-dediee-aux-entrepreneurs\/\">Cliquez ici pour lire l&rsquo;article depuis sa source.<\/a><\/p>\n","protected":false},"excerpt":{"rendered":"<p>L&rsquo;Agence des \u00c9tats-Unis pour le d\u00e9veloppement international (USAID) a d\u00e9voil\u00e9, jeudi soir \u00e0 Dakar, le projet \u00ab Reveal (r\u00e9v\u00e9ler en fran\u00e7ais) \u00bb dot\u00e9 d&rsquo;un budget de 150 millions de dollars.Cr\u00e9er, innover et faire prosp\u00e9rer des entreprises gr\u00e2ce \u00e0 des services de conseil et de financement. C&rsquo;est en ces mots que se r\u00e9sume le nouveau projet [&hellip;]<\/p>\n","protected":false},"author":1965,"featured_media":0,"comment_status":"closed","ping_status":"closed","sticky":false,"template":"","format":"standard","meta":{"fifu_image_url":"https:\/\/www.journalducameroun.com\/wp-content\/uploads\/2022\/03\/16476382842658.jpg","fifu_image_alt":"S\u00e9n\u00e9gal : l\u2019USAID lance une nouvelle initiative d\u00e9di\u00e9e aux entrepreneurs","footnotes":""},"categories":[73,82],"tags":[],"class_list":["post-143453","post","type-post","status-publish","format-standard","hentry","category-actualite","category-cameroun"],"_links":{"self":[{"href":"https:\/\/linitiative.ca\/International\/wp-json\/wp\/v2\/posts\/143453","targetHints":{"allow":["GET"]}}],"collection":[{"href":"https:\/\/linitiative.ca\/International\/wp-json\/wp\/v2\/posts"}],"about":[{"href":"https:\/\/linitiative.ca\/International\/wp-json\/wp\/v2\/types\/post"}],"author":[{"embeddable":true,"href":"https:\/\/linitiative.ca\/International\/wp-json\/wp\/v2\/users\/1965"}],"replies":[{"embeddable":true,"href":"https:\/\/linitiative.ca\/International\/wp-json\/wp\/v2\/comments?post=143453"}],"version-history":[{"count":0,"href":"https:\/\/linitiative.ca\/International\/wp-json\/wp\/v2\/posts\/143453\/revisions"}],"wp:attachment":[{"href":"https:\/\/linitiative.ca\/International\/wp-json\/wp\/v2\/media?parent=143453"}],"wp:term":[{"taxonomy":"category","embeddable":true,"href":"https:\/\/linitiative.ca\/International\/wp-json\/wp\/v2\/categories?post=143453"},{"taxonomy":"post_tag","embeddable":true,"href":"https:\/\/linitiative.ca\/International\/wp-json\/wp\/v2\/tags?post=143453"}],"curies":[{"name":"wp","href":"https:\/\/api.w.org\/{rel}","templated":true}]}}