{"id":143457,"date":"2022-03-18T13:45:03","date_gmt":"2022-03-18T17:45:03","guid":{"rendered":"https:\/\/linitiative.ca\/International\/le-senegalais-aboubakar-coulibaly-est-le-nouvel-administrateur-general-de-nestle-cameroun\/"},"modified":"2022-03-18T13:45:03","modified_gmt":"2022-03-18T17:45:03","slug":"le-senegalais-aboubakar-coulibaly-est-le-nouvel-administrateur-general-de-nestle-cameroun","status":"publish","type":"post","link":"https:\/\/linitiative.ca\/International\/le-senegalais-aboubakar-coulibaly-est-le-nouvel-administrateur-general-de-nestle-cameroun\/","title":{"rendered":"Le s\u00e9n\u00e9galais Aboubakar Coulibaly est le nouvel administrateur g\u00e9n\u00e9ral de Nestl\u00e9 Cameroun"},"content":{"rendered":"<div>\n<p>Le groupe Nestl\u00e9 vient de nommer un nouvel administrateur g\u00e9n\u00e9ral \u00e0 la t\u00eate de sa filiale camerounaise. A compter du 1<sup>er<\/sup>\u00a0avril 2022, l\u2019antenne locale du g\u00e9ant de l\u2019agroalimentaire suisse sera dirig\u00e9e par le S\u00e9n\u00e9galais \u00a0Aboubakar Coulibaly. Il remplace \u00e0 ce poste, le libanais Robert Helou qui a \u00e9t\u00e9 affect\u00e9 en Arabie Saoudite. Titulaire d\u2019un doctorat de la facult\u00e9 de m\u00e9decine, de pharmacie et d\u2019odontostomatologie de l\u2019universit\u00e9 Cheikh Anta Diop au S\u00e9n\u00e9gal, le nouvel homme fort de Nestl\u00e9 Cameroun est un ancien de la maison.\u00a0 Cela fait 20 ans qu\u2019il navigue de poste en poste. Recrut\u00e9 comme d\u00e9l\u00e9gu\u00e9 m\u00e9dical pour la nutrition, il a tour \u00e0 tour dirig\u00e9 les filiales africaines de Nestl\u00e9 au Benin, Togo et au Burkina Faso. Il a ensuite pris les r\u00eanes de la direction commerciale des filiales du Mali, du Burkina Faso, du Niger, du Togo et du B\u00e9nin. Avant de rejoindre le Nigeria o\u00f9 il a supervis\u00e9 une unit\u00e9 de production de lait. Avant sa r\u00e9cente nomination, il \u00e9tait l\u2019administrateur g\u00e9n\u00e9ral de la branche s\u00e9n\u00e9galaise de Nestl\u00e9, avec comp\u00e9tence\u00a0 sur la Gambie, la Mauritanie, la Guin\u00e9e Bissau et le Cap-Vert.<\/p>\n<p><strong>Lire aussi<\/strong> : <strong><a href=\"https:\/\/ecomatin.net\/sante-de-lenfant-nestle-cameroun-et-socaped-accueillent-t-21-nouveaux-residents-en-pediatrie\/\">Sant\u00e9 de l\u2019enfant : Nestl\u00e9 Cameroun et Socaped accueillent 21 nouveaux r\u00e9sidents en p\u00e9diatrie<\/a><\/strong><\/p>\n<p>Aboubakar Coulibaly aura pour principale mission, la conservation des parts de march\u00e9 glan\u00e9s par Nestl\u00e9 Cameroun, mais aussi l\u2019extension de son rayonnement.\u00a0 Il va \u00e9galement, et ce, sans aucun doute, poursuivre l\u2019impl\u00e9mentation des actions \u00e0 caract\u00e8re social mise en \u0153uvre par l\u2019entreprise suisse. Surtout que ces derni\u00e8res ann\u00e9es, cette derni\u00e8re a investi beaucoup de temps et d\u2019argent dans des initiatives visant \u00e0 am\u00e9liorer les conditions de vie et la sant\u00e9 des camerounais.\u00a0 En octobre 2021, l\u2019entreprise agro-alimentaire a proc\u00e9d\u00e9 au lancement officiel de la campagne baptis\u00e9e \u00abune sant\u00e9 de fer\u00bb, en partenariat avec les pouvoirs publics, les universitaires, ou les associations de d\u00e9fense des droits des consommateurs. La m\u00eame ann\u00e9e, Nestl\u00e9 Cameroun a \u00e9galement pris l\u2019engagement \u00a0global de s\u2019assurer que tous ses emballages soient recyclables ou r\u00e9utilisables d\u2019ici 2025 avec un accent particulier sur la lutte contre la pollution par les d\u00e9chets plastiques. Cette initiative a m\u00eame fait l\u2019objet d\u2019une convention, sign\u00e9e entre Nestl\u00e9 Cameroun et Nam\u00e9 Recycling.<\/p>\n<p><strong>Lire aussi<\/strong> : <strong><a href=\"https:\/\/ecomatin.net\/sante-publique-nestle-cameroun-sengage-contre-la-malnutrition-et-lanemie\/\">Sant\u00e9 publique : Nestl\u00e9 Cameroun s\u2019engage contre la malnutrition et l\u2019an\u00e9mie<\/a><\/strong><\/p>\n<p>L\u2019article <a rel=\"nofollow\" href=\"https:\/\/ecomatin.net\/le-senegalais-aboubakar-coulibaly-est-le-nouvel-administrateur-general-de-nestle-cameroun\/\">Le s\u00e9n\u00e9galais Aboubakar Coulibaly est le nouvel administrateur g\u00e9n\u00e9ral de Nestl\u00e9 Cameroun<\/a> est apparu en premier sur <a rel=\"nofollow\" href=\"https:\/\/ecomatin.net\/\">EcoMatin<\/a>.<\/p>\n<\/div>\n<p>Auteur: Paul Tjeg<br \/>\n<a href=\"https:\/\/ecomatin.net\/le-senegalais-aboubakar-coulibaly-est-le-nouvel-administrateur-general-de-nestle-cameroun\/\">Cliquez ici pour lire l&rsquo;article depuis sa source.<\/a><\/p>\n","protected":false},"excerpt":{"rendered":"<p>Le groupe Nestl\u00e9 vient de nommer un nouvel administrateur g\u00e9n\u00e9ral \u00e0 la t\u00eate de sa filiale camerounaise. A compter du 1er\u00a0avril 2022, l\u2019antenne locale du g\u00e9ant de l\u2019agroalimentaire suisse sera dirig\u00e9e par le S\u00e9n\u00e9galais \u00a0Aboubakar Coulibaly. Il remplace \u00e0 ce poste, le libanais Robert Helou qui a \u00e9t\u00e9 affect\u00e9 en Arabie Saoudite. Titulaire d\u2019un doctorat [&hellip;]<\/p>\n","protected":false},"author":1969,"featured_media":0,"comment_status":"closed","ping_status":"closed","sticky":false,"template":"","format":"standard","meta":{"fifu_image_url":"","fifu_image_alt":"","footnotes":""},"categories":[82,78],"tags":[],"class_list":["post-143457","post","type-post","status-publish","format-standard","hentry","category-cameroun","category-economie"],"_links":{"self":[{"href":"https:\/\/linitiative.ca\/International\/wp-json\/wp\/v2\/posts\/143457","targetHints":{"allow":["GET"]}}],"collection":[{"href":"https:\/\/linitiative.ca\/International\/wp-json\/wp\/v2\/posts"}],"about":[{"href":"https:\/\/linitiative.ca\/International\/wp-json\/wp\/v2\/types\/post"}],"author":[{"embeddable":true,"href":"https:\/\/linitiative.ca\/International\/wp-json\/wp\/v2\/users\/1969"}],"replies":[{"embeddable":true,"href":"https:\/\/linitiative.ca\/International\/wp-json\/wp\/v2\/comments?post=143457"}],"version-history":[{"count":0,"href":"https:\/\/linitiative.ca\/International\/wp-json\/wp\/v2\/posts\/143457\/revisions"}],"wp:attachment":[{"href":"https:\/\/linitiative.ca\/International\/wp-json\/wp\/v2\/media?parent=143457"}],"wp:term":[{"taxonomy":"category","embeddable":true,"href":"https:\/\/linitiative.ca\/International\/wp-json\/wp\/v2\/categories?post=143457"},{"taxonomy":"post_tag","embeddable":true,"href":"https:\/\/linitiative.ca\/International\/wp-json\/wp\/v2\/tags?post=143457"}],"curies":[{"name":"wp","href":"https:\/\/api.w.org\/{rel}","templated":true}]}}