{"id":143458,"date":"2022-03-18T14:09:46","date_gmt":"2022-03-18T18:09:46","guid":{"rendered":"https:\/\/linitiative.ca\/International\/assemblee-nationale-cavaye-reconduit-muyali-boya-nouvelle-vice-presidente\/"},"modified":"2022-03-18T14:09:46","modified_gmt":"2022-03-18T18:09:46","slug":"assemblee-nationale-cavaye-reconduit-muyali-boya-nouvelle-vice-presidente","status":"publish","type":"post","link":"https:\/\/linitiative.ca\/International\/assemblee-nationale-cavaye-reconduit-muyali-boya-nouvelle-vice-presidente\/","title":{"rendered":"Assembl\u00e9e nationale\u00a0: Cavaye reconduit\u00a0; Muyali Boya, nouvelle vice-pr\u00e9sidente"},"content":{"rendered":"<div>\n<p>Cavaye Yegui\u00e9 Djibril vient d\u2019\u00eatre r\u00e9\u00e9lu \u00e0 la t\u00eate de l\u2019Assembl\u00e9e nationale du Cameroun \u00a0pour la \u00e9ni\u00e8me fois (30 ans au perchoir). Le porte \u00e9tendard de la circonscription du Mayo Sava dans la r\u00e9gion de l\u2019Extr\u00eame-Nord remporte l\u2019\u00e9lection avec 148 voix contre une seule pour son challenger, Jean Michel Nintcheu du Social democratic front (Sdf). Sur les 161 votants, on a enregistr\u00e9 12 bulletins nuls. Hilarion Etong a \u00e9t\u00e9 reconduit au poste de premier Vice-pr\u00e9sident.<\/p>\n<p><strong>Lire aussi : <a href=\"https:\/\/ecomatin.net\/assemblee-nationale-le-bilan-de-la-session-de-novembre\/\">Assembl\u00e9e nationale : le bilan de la session de novembre<\/a><\/strong><\/p>\n<p>A l\u2019issue de cette session ordinaire consacr\u00e9e au vote des membres du bureau d\u00e9finitif de la chambre basse du parlement, on note l\u2019entr\u00e9e, parmi les cinq vice-pr\u00e9sidents, de l\u2019honorable Mary Muyali Boya. L\u2019\u00e9lue dela circonscription du Ndian, dans la r\u00e9gion du Sud-Ouest, remplace l\u2019honorable Monjowa Lifaka Emilia, d\u00e9c\u00e9d\u00e9e dans la soir\u00e9e du 20 avril 2021, au poste de vice-pr\u00e9sidente de l\u2019Assembl\u00e9e nationale. \u00ab\u00a0Je suis tr\u00e8s contente. Je tiens \u00e0 remercier le pr\u00e9sident de la R\u00e9publique pour la confiance. C\u2019est un nouveau d\u00e9fi. J\u2019invite les populations \u00e0 collaborer avec nous pour qu\u2019on r\u00e9ussissent \u00e0 faire mieux dans la prise en compte de leurs probl\u00e8mes au quotidien\u00a0\u00bb, s\u2019est r\u00e9jouie la Vice-pr\u00e9sidente. L\u2019honorable Dooh Collins quant \u00e0 lui, ne fait plus parti du bureau. <\/p>\n<p><strong>Lire aussi : <a href=\"https:\/\/ecomatin.net\/loi-de-finances-2022-lassemblee-nationale-sollicite-une-enveloppe-budgetaire-de-284-milliards-pour-optimiser-son-fonctionnement\/\">Loi de finances 2022: l\u2019Assembl\u00e9e nationale sollicite une enveloppe budg\u00e9taire de 28,4 milliards pour optimiser son fonctionnement<\/a><\/strong><\/p>\n<p>Cabral Libii, le pr\u00e9sident du Parti camerounais pour la r\u00e9conciliation nationale (Pcrn) a \u00e9t\u00e9 reconduit parmi les 12 secr\u00e9taires.\u00a0 \u00ab\u00a0Il est clair que dans cette l\u00e9gislature, le parti au pouvoir est largement majoritaire. A chaque fois, ce parti aura la majorit\u00e9 des postes. J\u2019ai vu un coll\u00e8gue d\u00e9put\u00e9 qui a affich\u00e9 son ambition de diriger l\u2019Assembl\u00e9e nationale. Il en a le droit \u00bb. Et d\u2019ajouter\u00a0: \u00ab\u00a0le dernier bureau n\u2019a pas beaucoup travaill\u00e9\u00a0; il n\u2019a pas souvent eu le temps de se r\u00e9unir. Mon expectative est que, ce bureau se r\u00e9unisse le plus souvent pour travailler\u00a0\u00bb. L\u2019un des dossiers chauds qui attend le nouveau bureau est la validation ou non de l\u2019initiative du groupe parlement \u00ab\u00a0Union pour le changement\u00a0\u00bb initi\u00e9 par quatre partis politiques \u00e0 savoir\u00a0: le Sdf, Ums, Pcrn et Udc.<\/p>\n<p><strong>Lire aussi : <a href=\"https:\/\/ecomatin.net\/assemblee-nationale-350-nouveaux-ouvriers-chinois-pour-des-travaux-de-plomberie-et-delectricite\/\">Assembl\u00e9e nationale : 350 nouveaux ouvriers chinois pour des travaux de plomberie et d\u2019\u00e9lectricit\u00e9<\/a><\/strong><\/p>\n<p>L\u2019article <a rel=\"nofollow\" href=\"https:\/\/ecomatin.net\/assemblee-nationale-cavaye-reconduit-muyali-boya-nouvelle-vice-presidente\/\">Assembl\u00e9e nationale\u00a0: Cavaye reconduit\u00a0; Muyali Boya, nouvelle vice-pr\u00e9sidente<\/a> est apparu en premier sur <a rel=\"nofollow\" href=\"https:\/\/ecomatin.net\/\">EcoMatin<\/a>.<\/p>\n<\/div>\n<p>Auteur: EcoMatin<br \/>\n<a href=\"https:\/\/ecomatin.net\/assemblee-nationale-cavaye-reconduit-muyali-boya-nouvelle-vice-presidente\/\">Cliquez ici pour lire l&rsquo;article depuis sa source.<\/a><\/p>\n","protected":false},"excerpt":{"rendered":"<p>Cavaye Yegui\u00e9 Djibril vient d\u2019\u00eatre r\u00e9\u00e9lu \u00e0 la t\u00eate de l\u2019Assembl\u00e9e nationale du Cameroun \u00a0pour la \u00e9ni\u00e8me fois (30 ans au perchoir). Le porte \u00e9tendard de la circonscription du Mayo Sava dans la r\u00e9gion de l\u2019Extr\u00eame-Nord remporte l\u2019\u00e9lection avec 148 voix contre une seule pour son challenger, Jean Michel Nintcheu du Social democratic front (Sdf). [&hellip;]<\/p>\n","protected":false},"author":1969,"featured_media":0,"comment_status":"closed","ping_status":"closed","sticky":false,"template":"","format":"standard","meta":{"fifu_image_url":"","fifu_image_alt":"","footnotes":""},"categories":[82,78],"tags":[],"class_list":["post-143458","post","type-post","status-publish","format-standard","hentry","category-cameroun","category-economie"],"_links":{"self":[{"href":"https:\/\/linitiative.ca\/International\/wp-json\/wp\/v2\/posts\/143458","targetHints":{"allow":["GET"]}}],"collection":[{"href":"https:\/\/linitiative.ca\/International\/wp-json\/wp\/v2\/posts"}],"about":[{"href":"https:\/\/linitiative.ca\/International\/wp-json\/wp\/v2\/types\/post"}],"author":[{"embeddable":true,"href":"https:\/\/linitiative.ca\/International\/wp-json\/wp\/v2\/users\/1969"}],"replies":[{"embeddable":true,"href":"https:\/\/linitiative.ca\/International\/wp-json\/wp\/v2\/comments?post=143458"}],"version-history":[{"count":0,"href":"https:\/\/linitiative.ca\/International\/wp-json\/wp\/v2\/posts\/143458\/revisions"}],"wp:attachment":[{"href":"https:\/\/linitiative.ca\/International\/wp-json\/wp\/v2\/media?parent=143458"}],"wp:term":[{"taxonomy":"category","embeddable":true,"href":"https:\/\/linitiative.ca\/International\/wp-json\/wp\/v2\/categories?post=143458"},{"taxonomy":"post_tag","embeddable":true,"href":"https:\/\/linitiative.ca\/International\/wp-json\/wp\/v2\/tags?post=143458"}],"curies":[{"name":"wp","href":"https:\/\/api.w.org\/{rel}","templated":true}]}}