{"id":143459,"date":"2022-03-18T13:45:51","date_gmt":"2022-03-18T17:45:51","guid":{"rendered":"https:\/\/linitiative.ca\/International\/le-fec-et-la-cdg-sallient-en-faveur-du-developpement-des-collectivites-territoriales\/"},"modified":"2022-03-18T13:45:51","modified_gmt":"2022-03-18T17:45:51","slug":"le-fec-et-la-cdg-sallient-en-faveur-du-developpement-des-collectivites-territoriales","status":"publish","type":"post","link":"https:\/\/linitiative.ca\/International\/le-fec-et-la-cdg-sallient-en-faveur-du-developpement-des-collectivites-territoriales\/","title":{"rendered":"Le FEC et la CDG s\u2019allient en faveur du d\u00e9veloppement des collectivit\u00e9s territoriales"},"content":{"rendered":"<div>\n<p><img loading=\"lazy\" decoding=\"async\" width=\"300\" height=\"153\" src=\"https:\/\/linitiative.ca\/International\/wp-content\/uploads\/sites\/23\/2022\/03\/CDG-300x153-1.jpg\" class=\"attachment-medium size-medium wp-post-image\" alt=\"\" srcset=\"https:\/\/linitiative.ca\/International\/wp-content\/uploads\/sites\/23\/2022\/03\/CDG-300x153-1.jpg 300w, https:\/\/aujourdhui.ma\/wp-content\/uploads\/2019\/07\/CDG.jpg 746w\" sizes=\"auto, (max-width: 300px) 100vw, 300px\"><\/p>\n<p>Le Fonds d\u2019Equipement Communal (FEC) et la Caisse de D\u00e9p\u00f4t et de Gestion (CDG) ont sign\u00e9 un accord-cadre pour la mise en place de financements syndiqu\u00e9s des projets de d\u00e9veloppement des collectivit\u00e9s territoriales, pour un montant de huit milliards de dirhams (MMDH), et ce en accompagnement de leur dynamique d\u2019investissement et de croissance.<\/p>\n<p><span id=\"more-402832\"><\/span><\/p>\n<p>Ce partenariat strat\u00e9gique comporte trois composantes compl\u00e9mentaires qui portent sur le co-financement par les deux institutions des projets de d\u00e9veloppement territorial, le refinancement du FEC par la CDG, \u00e0 c\u00f4t\u00e9 du partage de leur expertise respective avec les collectivit\u00e9s territoriales pour r\u00e9pondre, au mieux, \u00e0 leurs besoins, indique vendredi un communiqu\u00e9 conjoint des deux institutions financi\u00e8res.<\/p>\n<p>\u00a0<\/p>\n<p>\u00ab\u00a0Ledit partenariat d\u00e9coule de la volont\u00e9 commune des deux institutions de mettre en place des m\u00e9canismes de financements, \u00e0 la fois \u00e9quilibr\u00e9s et compl\u00e9mentaires, et marque la mobilisation, par la CDG, dans le cadre de cette op\u00e9ration, d\u2019une enveloppe globale de 8 MMDH avec la perspective d\u2019augmenter les volumes des financements au-del\u00e0 de cette taille initiale\u00a0\u00bb, souligne le communiqu\u00e9.<\/p>\n<p>\u00a0<\/p>\n<p>Et de poursuivre que cette enveloppe est destin\u00e9e \u00e0 r\u00e9pondre, activement, \u00e0 l\u2019intensification des besoins de financement des collectivit\u00e9s territoriales dans un contexte marqu\u00e9 par l\u2019acc\u00e9l\u00e9ration de la mise en \u0153uvre de la r\u00e9gionalisation avanc\u00e9e et caract\u00e9ris\u00e9 par l\u2019accroissement de la dynamique d\u2019investissement \u00e0 l\u2019\u00e9chelle territoriale.<\/p>\n<p>\u00a0<\/p>\n<p>Dans le cadre de ce partenariat strat\u00e9gique entre deux institutions financi\u00e8res publiques nationales de premier plan, ces derni\u00e8res se constitueront, selon les cas et en fonction de la nature des projets, en groupement afin de structurer et de soumettre une offre commune de financement.<\/p>\n<p>\u00a0<\/p>\n<p>Au regard de sa mission historique et de sa relation avec le secteur local, le FEC est charg\u00e9 de la coordination de l\u2019ensemble des d\u00e9marches vis-\u00e0-vis des collectivit\u00e9s territoriales en vertu de son r\u00f4le de Chef de file-arrangeur et d\u2019Agent de Cr\u00e9dit.<\/p>\n<p>\u00a0<\/p>\n<p>Au-del\u00e0 des financements, ce partenariat couvre \u00e9galement le partage de l\u2019expertise propre et pointue des deux institutions en mati\u00e8re de d\u00e9veloppement territorial et leur connaissance approfondie des r\u00e9alit\u00e9s locales dans l\u2019objectif de renforcer les actions d\u2019accompagnement et d\u2019assistance technique en faveur des collectivit\u00e9s territoriales.<\/p>\n<p>\u00a0<\/p>\n<p>Et de noter que ce partenariat s\u2019inscrit en consolidation du succ\u00e8s des op\u00e9rations de financement \u00e0 l\u2019International r\u00e9alis\u00e9es par le FEC dans le cadre de sa strat\u00e9gie de diversification et de p\u00e9rennisation des ressources. Il r\u00e9pond, par la m\u00eame occasion, \u00e0 la nouvelle strat\u00e9gie de la CDG d\u2019inscrire son intervention de mani\u00e8re compl\u00e9mentaire et additionnelle aux actions d\u2019accompagnement des territoires, \u00e0 la fois, en mati\u00e8re de co-financement et d\u2019offres d\u2019expertise.<\/p>\n<\/div>\n<p>Auteur: ALM<br \/>\n<a href=\"https:\/\/aujourdhui.ma\/economie\/le-fec-et-la-cdg-sallient-en-faveur-du-developpement-des-collectivites-territoriales\">Cliquez ici pour lire l&rsquo;article depuis sa source.<\/a><\/p>\n","protected":false},"excerpt":{"rendered":"<p>Le Fonds d\u2019Equipement Communal (FEC) et la Caisse de D\u00e9p\u00f4t et de Gestion (CDG) ont sign\u00e9 un accord-cadre pour la mise en place de financements syndiqu\u00e9s des projets de d\u00e9veloppement des collectivit\u00e9s territoriales, pour un montant de huit milliards de dirhams (MMDH), et ce en accompagnement de leur dynamique d\u2019investissement et de croissance. Ce partenariat [&hellip;]<\/p>\n","protected":false},"author":1759,"featured_media":0,"comment_status":"closed","ping_status":"closed","sticky":false,"template":"","format":"standard","meta":{"fifu_image_url":"https:\/\/aujourdhui.ma\/wp-content\/uploads\/2019\/07\/CDG-300x153.jpg","fifu_image_alt":"Le FEC et la CDG s\u2019allient en faveur du d\u00e9veloppement des collectivit\u00e9s territoriales","footnotes":""},"categories":[73,54],"tags":[],"class_list":["post-143459","post","type-post","status-publish","format-standard","hentry","category-actualite","category-maroc"],"_links":{"self":[{"href":"https:\/\/linitiative.ca\/International\/wp-json\/wp\/v2\/posts\/143459","targetHints":{"allow":["GET"]}}],"collection":[{"href":"https:\/\/linitiative.ca\/International\/wp-json\/wp\/v2\/posts"}],"about":[{"href":"https:\/\/linitiative.ca\/International\/wp-json\/wp\/v2\/types\/post"}],"author":[{"embeddable":true,"href":"https:\/\/linitiative.ca\/International\/wp-json\/wp\/v2\/users\/1759"}],"replies":[{"embeddable":true,"href":"https:\/\/linitiative.ca\/International\/wp-json\/wp\/v2\/comments?post=143459"}],"version-history":[{"count":0,"href":"https:\/\/linitiative.ca\/International\/wp-json\/wp\/v2\/posts\/143459\/revisions"}],"wp:attachment":[{"href":"https:\/\/linitiative.ca\/International\/wp-json\/wp\/v2\/media?parent=143459"}],"wp:term":[{"taxonomy":"category","embeddable":true,"href":"https:\/\/linitiative.ca\/International\/wp-json\/wp\/v2\/categories?post=143459"},{"taxonomy":"post_tag","embeddable":true,"href":"https:\/\/linitiative.ca\/International\/wp-json\/wp\/v2\/tags?post=143459"}],"curies":[{"name":"wp","href":"https:\/\/api.w.org\/{rel}","templated":true}]}}