{"id":143461,"date":"2022-03-18T17:25:34","date_gmt":"2022-03-18T21:25:34","guid":{"rendered":"https:\/\/linitiative.ca\/International\/sahara-marocain-le-royaume-apprecie-hautement-les-positions-positives-et-les-engagements-constructifs-de-lespagne\/"},"modified":"2022-03-18T17:25:34","modified_gmt":"2022-03-18T21:25:34","slug":"sahara-marocain-le-royaume-apprecie-hautement-les-positions-positives-et-les-engagements-constructifs-de-lespagne","status":"publish","type":"post","link":"https:\/\/linitiative.ca\/International\/sahara-marocain-le-royaume-apprecie-hautement-les-positions-positives-et-les-engagements-constructifs-de-lespagne\/","title":{"rendered":"Sahara Marocain: Le Royaume appr\u00e9cie hautement les positions positives et les engagements constructifs de l\u2019Espagne"},"content":{"rendered":"<div>\n<p><img loading=\"lazy\" decoding=\"async\" width=\"300\" height=\"153\" src=\"https:\/\/linitiative.ca\/International\/wp-content\/uploads\/sites\/23\/2022\/03\/Maroc-Espagne-300x153-1.jpg\" class=\"attachment-medium size-medium wp-post-image\" alt=\"\" srcset=\"https:\/\/linitiative.ca\/International\/wp-content\/uploads\/sites\/23\/2022\/03\/Maroc-Espagne-300x153-1.jpg 300w, https:\/\/aujourdhui.ma\/wp-content\/uploads\/2019\/07\/Maroc-Espagne.jpg 746w\" sizes=\"auto, (max-width: 300px) 100vw, 300px\"><\/p>\n<p>Le Royaume du Maroc appr\u00e9cie hautement les positions positives et les engagements constructifs de l\u2019Espagne au sujet de la question du Sahara Marocain, contenus dans le message adress\u00e9 \u00e0 Sa Majest\u00e9 le Roi Mohammed VI, Que Dieu L\u2019assiste, par le Pr\u00e9sident du Gouvernement d\u2019Espagne, S.E.M. Pedro S\u00e1nchez, a indiqu\u00e9 vendredi le minist\u00e8re des Affaires \u00e9trang\u00e8res, de la Coop\u00e9ration africaine et des Marocains r\u00e9sidant \u00e0 l\u2019\u00e9tranger.<span id=\"more-402834\"><\/span><\/p>\n<p>Les termes de ce message permettent d\u2019envisager une feuille de route claire et ambitieuse afin d\u2019inscrire, durablement, le partenariat bilat\u00e9ral dans le cadre des bases et des param\u00e8tres nouveaux, soulign\u00e9s dans le Discours Royal du 20 aout dernier, a affirm\u00e9 le minist\u00e8re dans un communiqu\u00e9.<\/p>\n<p>Sa Majest\u00e9 le Roi Mohammed VI, Que Dieu L\u2019assiste, avait appel\u00e9, dans ce Discours, \u00e0 \u00abinaugurer une \u00e9tape in\u00e9dite dans les relations entre Nos deux pays, fond\u00e9e sur la confiance, la transparence, la consid\u00e9ration mutuelle et le respect des engagements\u00bb.<\/p>\n<p>C\u2019est dans cet esprit que s\u2019inscrit la visite \u00e0 Rabat, \u00e0 la fin de ce mois de mars et avant le mois de Ramadan, du Ministre espagnol des Affaires \u00e9trang\u00e8res, de l\u2019Union Europ\u00e9enne et de la Coop\u00e9ration, M. Jos\u00e9 Manuel Albares, a soulign\u00e9 le minist\u00e8re.<\/p>\n<p>Une visite au Royaume du Maroc, du Pr\u00e9sident du Gouvernement espagnol sera \u00e9galement programm\u00e9e ult\u00e9rieurement, a conclu le minist\u00e8re.<\/p>\n<\/div>\n<p>Auteur: ALM<br \/>\n<a href=\"https:\/\/aujourdhui.ma\/politique\/sahara-marocain-le-royaume-apprecie-hautement-les-positions-positives-et-les-engagements-constructifs-de-lespagne\">Cliquez ici pour lire l&rsquo;article depuis sa source.<\/a><\/p>\n","protected":false},"excerpt":{"rendered":"<p>Le Royaume du Maroc appr\u00e9cie hautement les positions positives et les engagements constructifs de l\u2019Espagne au sujet de la question du Sahara Marocain, contenus dans le message adress\u00e9 \u00e0 Sa Majest\u00e9 le Roi Mohammed VI, Que Dieu L\u2019assiste, par le Pr\u00e9sident du Gouvernement d\u2019Espagne, S.E.M. Pedro S\u00e1nchez, a indiqu\u00e9 vendredi le minist\u00e8re des Affaires \u00e9trang\u00e8res, [&hellip;]<\/p>\n","protected":false},"author":1759,"featured_media":0,"comment_status":"closed","ping_status":"closed","sticky":false,"template":"","format":"standard","meta":{"fifu_image_url":"https:\/\/aujourdhui.ma\/wp-content\/uploads\/2019\/07\/Maroc-Espagne-300x153.jpg","fifu_image_alt":"Sahara Marocain: Le Royaume appr\u00e9cie hautement les positions positives et les engagements constructifs de l\u2019Espagne","footnotes":""},"categories":[73,54],"tags":[],"class_list":["post-143461","post","type-post","status-publish","format-standard","hentry","category-actualite","category-maroc"],"_links":{"self":[{"href":"https:\/\/linitiative.ca\/International\/wp-json\/wp\/v2\/posts\/143461","targetHints":{"allow":["GET"]}}],"collection":[{"href":"https:\/\/linitiative.ca\/International\/wp-json\/wp\/v2\/posts"}],"about":[{"href":"https:\/\/linitiative.ca\/International\/wp-json\/wp\/v2\/types\/post"}],"author":[{"embeddable":true,"href":"https:\/\/linitiative.ca\/International\/wp-json\/wp\/v2\/users\/1759"}],"replies":[{"embeddable":true,"href":"https:\/\/linitiative.ca\/International\/wp-json\/wp\/v2\/comments?post=143461"}],"version-history":[{"count":0,"href":"https:\/\/linitiative.ca\/International\/wp-json\/wp\/v2\/posts\/143461\/revisions"}],"wp:attachment":[{"href":"https:\/\/linitiative.ca\/International\/wp-json\/wp\/v2\/media?parent=143461"}],"wp:term":[{"taxonomy":"category","embeddable":true,"href":"https:\/\/linitiative.ca\/International\/wp-json\/wp\/v2\/categories?post=143461"},{"taxonomy":"post_tag","embeddable":true,"href":"https:\/\/linitiative.ca\/International\/wp-json\/wp\/v2\/tags?post=143461"}],"curies":[{"name":"wp","href":"https:\/\/api.w.org\/{rel}","templated":true}]}}