{"id":143466,"date":"2022-03-19T07:43:34","date_gmt":"2022-03-19T11:43:34","guid":{"rendered":"https:\/\/linitiative.ca\/International\/sahara-marocain-le-rni-salue-hautement-les-positions-positives-exprimees-dans-le-message-adresse-a-sm-le-roi-par-le-president-du-gouvernement-espagnol\/"},"modified":"2022-03-19T07:43:34","modified_gmt":"2022-03-19T11:43:34","slug":"sahara-marocain-le-rni-salue-hautement-les-positions-positives-exprimees-dans-le-message-adresse-a-sm-le-roi-par-le-president-du-gouvernement-espagnol","status":"publish","type":"post","link":"https:\/\/linitiative.ca\/International\/sahara-marocain-le-rni-salue-hautement-les-positions-positives-exprimees-dans-le-message-adresse-a-sm-le-roi-par-le-president-du-gouvernement-espagnol\/","title":{"rendered":"Sahara marocain: Le RNI salue hautement les positions positives exprim\u00e9es dans le message adress\u00e9 \u00e0 SM le Roi par le pr\u00e9sident du gouvernement espagnol"},"content":{"rendered":"<div>\n<p><img loading=\"lazy\" decoding=\"async\" width=\"300\" height=\"153\" src=\"https:\/\/linitiative.ca\/International\/wp-content\/uploads\/sites\/23\/2022\/03\/Akhannouch-RNI-bureau-politique-300x153-1.jpg\" class=\"attachment-medium size-medium wp-post-image\" alt=\"\" srcset=\"https:\/\/linitiative.ca\/International\/wp-content\/uploads\/sites\/23\/2022\/03\/Akhannouch-RNI-bureau-politique-300x153-1.jpg 300w, https:\/\/aujourdhui.ma\/wp-content\/uploads\/2022\/02\/Akhannouch-RNI-bureau-politique-274x140.jpg 274w, https:\/\/aujourdhui.ma\/wp-content\/uploads\/2022\/02\/Akhannouch-RNI-bureau-politique.jpg 746w, https:\/\/aujourdhui.ma\/wp-content\/uploads\/2022\/02\/Akhannouch-RNI-bureau-politique-165x84.jpg 165w, https:\/\/aujourdhui.ma\/wp-content\/uploads\/2022\/02\/Akhannouch-RNI-bureau-politique-702x358.jpg 702w\" sizes=\"auto, (max-width: 300px) 100vw, 300px\"><\/p>\n<p><span style=\"font-size: 20px; color: #800000;\"><strong>Le Rassemblement National des Ind\u00e9pendants (RNI) salue hautement les positions positives exprim\u00e9es dans le message adress\u00e9 \u00e0 SM le Roi Mohammed VI par le pr\u00e9sident du gouvernement espagnol, Pedro Sanchez, au sujet du Sahara marocain.<\/strong><\/span><span id=\"more-402837\"><\/span><\/p>\n<p>Dans un communiqu\u00e9, le parti a appel\u00e9 au renforcement des relations entre les deux pays \u00e0 m\u00eame de les hisser \u00e0 un niveau sup\u00e9rieur, conform\u00e9ment aux d\u00e9terminants et fondements \u00e9voqu\u00e9s par SM le Roi dans Son discours \u00e0 l\u2019occasion de l\u2019anniversaire de la R\u00e9volution du Roi et du Peuple, tout en saluant les efforts et la sagesse du Souverain et Sa gestion audacieuse et perspicace des dossiers de la diplomatie marocaine.<\/p>\n<p>Le RNI a aussi appel\u00e9 \u00e0 une exploitation positive des opportunit\u00e9s et des partenariats strat\u00e9giques liant les deux Royaumes, outre les points en commun les unissant sur les plans de l\u2019histoire, de la g\u00e9ographie et de la communaut\u00e9 du destin, \u00e0 travers le d\u00e9veloppement des relations bilat\u00e9rales \u00e0 m\u00eame de les hisser \u00e0 un niveau sup\u00e9rieur selon les d\u00e9terminants et fondements \u00e9voqu\u00e9s par le Souverain dans Son discours du 20 ao\u00fbt dernier \u00e0 l\u2019occasion du 68\u00e8me anniversaire de la R\u00e9volution du Roi et du Peuple, et la teneur du message du pr\u00e9sident du gouvernement espagnol.<\/p>\n<p>Dans ce cadre, le parti estime que la conjoncture requiert plus que jamais la construction de relations de coop\u00e9ration plus fortes pour relever les d\u00e9fis communs qu\u2019imposent les relations de voisinage, \u00e0 la lumi\u00e8re de ce que vit la r\u00e9gion et le monde entier, notamment les dossiers de la migration et de la s\u00e9curit\u00e9.<\/p>\n<p>Le RNI a r\u00e9it\u00e9r\u00e9 son adh\u00e9sion constante pour la d\u00e9fense des causes et des int\u00e9r\u00eats sup\u00e9rieurs du Royaume, avec \u00e0 leur t\u00eate la question de l\u2019int\u00e9grit\u00e9 territoriale, la premi\u00e8re cause nationale du pays.<\/p>\n<\/div>\n<p>Auteur: ALM<br \/>\n<a href=\"https:\/\/aujourdhui.ma\/politique\/sahara-marocain-le-rni-salue-hautement-les-positions-positives-exprimees-dans-le-message-adresse-a-sm-le-roi-par-le-president-du-gouvernement-espagnol\">Cliquez ici pour lire l&rsquo;article depuis sa source.<\/a><\/p>\n","protected":false},"excerpt":{"rendered":"<p>Le Rassemblement National des Ind\u00e9pendants (RNI) salue hautement les positions positives exprim\u00e9es dans le message adress\u00e9 \u00e0 SM le Roi Mohammed VI par le pr\u00e9sident du gouvernement espagnol, Pedro Sanchez, au sujet du Sahara marocain. Dans un communiqu\u00e9, le parti a appel\u00e9 au renforcement des relations entre les deux pays \u00e0 m\u00eame de les hisser [&hellip;]<\/p>\n","protected":false},"author":1759,"featured_media":0,"comment_status":"closed","ping_status":"closed","sticky":false,"template":"","format":"standard","meta":{"fifu_image_url":"https:\/\/aujourdhui.ma\/wp-content\/uploads\/2022\/02\/Akhannouch-RNI-bureau-politique-300x153.jpg","fifu_image_alt":"Sahara marocain: Le RNI salue hautement les positions positives exprim\u00e9es dans le message adress\u00e9 \u00e0 SM le Roi par le pr\u00e9sident du gouvernement espagnol","footnotes":""},"categories":[73,54],"tags":[],"class_list":["post-143466","post","type-post","status-publish","format-standard","hentry","category-actualite","category-maroc"],"_links":{"self":[{"href":"https:\/\/linitiative.ca\/International\/wp-json\/wp\/v2\/posts\/143466","targetHints":{"allow":["GET"]}}],"collection":[{"href":"https:\/\/linitiative.ca\/International\/wp-json\/wp\/v2\/posts"}],"about":[{"href":"https:\/\/linitiative.ca\/International\/wp-json\/wp\/v2\/types\/post"}],"author":[{"embeddable":true,"href":"https:\/\/linitiative.ca\/International\/wp-json\/wp\/v2\/users\/1759"}],"replies":[{"embeddable":true,"href":"https:\/\/linitiative.ca\/International\/wp-json\/wp\/v2\/comments?post=143466"}],"version-history":[{"count":0,"href":"https:\/\/linitiative.ca\/International\/wp-json\/wp\/v2\/posts\/143466\/revisions"}],"wp:attachment":[{"href":"https:\/\/linitiative.ca\/International\/wp-json\/wp\/v2\/media?parent=143466"}],"wp:term":[{"taxonomy":"category","embeddable":true,"href":"https:\/\/linitiative.ca\/International\/wp-json\/wp\/v2\/categories?post=143466"},{"taxonomy":"post_tag","embeddable":true,"href":"https:\/\/linitiative.ca\/International\/wp-json\/wp\/v2\/tags?post=143466"}],"curies":[{"name":"wp","href":"https:\/\/api.w.org\/{rel}","templated":true}]}}