{"id":143471,"date":"2022-03-19T08:49:25","date_gmt":"2022-03-19T12:49:25","guid":{"rendered":"https:\/\/linitiative.ca\/International\/sm-le-roi-nomme-49-auditeurs-de-la-cour-des-comptes-en-tant-que-magistrats-au-sein-des-cours-regionales-des-comptes\/"},"modified":"2022-03-19T08:49:25","modified_gmt":"2022-03-19T12:49:25","slug":"sm-le-roi-nomme-49-auditeurs-de-la-cour-des-comptes-en-tant-que-magistrats-au-sein-des-cours-regionales-des-comptes","status":"publish","type":"post","link":"https:\/\/linitiative.ca\/International\/sm-le-roi-nomme-49-auditeurs-de-la-cour-des-comptes-en-tant-que-magistrats-au-sein-des-cours-regionales-des-comptes\/","title":{"rendered":"SM le Roi nomme 49 auditeurs de la Cour des comptes en tant que magistrats au sein des Cours r\u00e9gionales des comptes"},"content":{"rendered":"<div>\n<div style=\"margin-bottom:20px;\"><img loading=\"lazy\" decoding=\"async\" width=\"750\" height=\"430\" src=\"https:\/\/linitiative.ca\/International\/wp-content\/uploads\/sites\/23\/2022\/03\/SM-le-Roi_750x430-1.jpg\" class=\"attachment-post-thumbnail size-post-thumbnail wp-post-image\" alt=\"\" srcset=\"https:\/\/linitiative.ca\/International\/wp-content\/uploads\/sites\/23\/2022\/03\/SM-le-Roi_750x430-1.jpg 750w, https:\/\/www.mapoujda.ma\/map\/uploads\/2021\/08\/SM-le-Roi_750x430-1-300x172.jpg 300w\" sizes=\"auto, (max-width: 750px) 100vw, 750px\"><\/div>\n<div>\n<p style=\"text-align: justify;\">Sa Majest\u00e9 le Roi Mohammed VI, que Dieu L\u2019assiste, a bien voulu nommer quarante-neuf (49) auditeurs de la Cour des comptes en tant que magistrats au sein des Cours r\u00e9gionales des comptes, annonce, samedi, la Cour des Comptes dans un communiqu\u00e9.<\/p>\n<p style=\"text-align: justify;\">La r\u00e9partition des magistrats nomm\u00e9s, sur les diff\u00e9rentes Cours r\u00e9gionales des comptes, se pr\u00e9sente comme suit :<\/p>\n<p style=\"text-align: justify;\">\u2013 La Cour r\u00e9gionale des comptes de la r\u00e9gion Tanger-T\u00e9touan-Al Hoceima : trois (3) magistrats.<\/p>\n<p style=\"text-align: justify;\">\u2013 La Cour r\u00e9gionale des comptes de la r\u00e9gion de l\u2019Oriental : cinq (5) magistrats.<\/p>\n<p style=\"text-align: justify;\">\u2013 La Cour r\u00e9gionale des comptes de la r\u00e9gion F\u00e8s-Mekn\u00e8s : cinq (5) magistrats.<\/p>\n<p style=\"text-align: justify;\">\u2013 La Cour r\u00e9gionale des comptes de la r\u00e9gion B\u00e9ni Mellal-Kh\u00e9nifra : six (6) magistrats.<\/p>\n<p style=\"text-align: justify;\">\u2013 La Cour r\u00e9gionale des comptes de la r\u00e9gion Casablanca-Settat : cinq (5) magistrats.<\/p>\n<p style=\"text-align: justify;\">\u2013 La Cour r\u00e9gionale des comptes de la r\u00e9gion Marrakech-Safi : cinq (5) magistrats.<\/p>\n<p style=\"text-align: justify;\">\u2013 La Cour r\u00e9gionale des comptes de la r\u00e9gion Dr\u00e2a-Tafilalet : six (6) magistrats.<\/p>\n<p style=\"text-align: justify;\">\u2013 La Cour r\u00e9gionale des comptes de la r\u00e9gion Souss-Massa : quatre (4) magistrats.<\/p>\n<p style=\"text-align: justify;\">\u2013 La Cour r\u00e9gionale des comptes de la r\u00e9gion Guelmim-Oued Noun : cinq (5) magistrats.<\/p>\n<p style=\"text-align: justify;\">\u2013 La Cour r\u00e9gionale des comptes de la r\u00e9gion La\u00e2youne-Sakia El Hamra : trois (3) magistrats.<\/p>\n<p style=\"text-align: justify;\">\u2013 La Cour r\u00e9gionale des comptes de la r\u00e9gion Dakhla-Oued Ed-Dahab : deux (2) magistrats.<\/p>\n<\/div>\n<p>L\u2019article <a rel=\"nofollow\" href=\"https:\/\/www.mapoujda.ma\/fr\/sm-le-roi-nomme-49-auditeurs-de-la-cour-des-comptes-en-tant-que-magistrats-au-sein-des-cours-regionales-des-comptes\/\">SM le Roi nomme 49 auditeurs de la Cour des comptes en tant que magistrats au sein des Cours r\u00e9gionales des comptes<\/a> est apparu en premier sur <a rel=\"nofollow\" href=\"https:\/\/www.mapoujda.ma\/fr\">MapOujda<\/a>.<\/p>\n<\/div>\n<p>Auteur: Soufiane ELAHMAR<br \/>\n<a href=\"https:\/\/www.mapoujda.ma\/fr\/sm-le-roi-nomme-49-auditeurs-de-la-cour-des-comptes-en-tant-que-magistrats-au-sein-des-cours-regionales-des-comptes\/\">Cliquez ici pour lire l&rsquo;article depuis sa source.<\/a><\/p>\n","protected":false},"excerpt":{"rendered":"<p>Sa Majest\u00e9 le Roi Mohammed VI, que Dieu L\u2019assiste, a bien voulu nommer quarante-neuf (49) auditeurs de la Cour des comptes en tant que magistrats au sein des Cours r\u00e9gionales des comptes, annonce, samedi, la Cour des Comptes dans un communiqu\u00e9. La r\u00e9partition des magistrats nomm\u00e9s, sur les diff\u00e9rentes Cours r\u00e9gionales des comptes, se pr\u00e9sente [&hellip;]<\/p>\n","protected":false},"author":1788,"featured_media":0,"comment_status":"closed","ping_status":"closed","sticky":false,"template":"","format":"standard","meta":{"fifu_image_url":"https:\/\/www.mapoujda.ma\/map\/uploads\/2021\/08\/SM-le-Roi_750x430-1.jpg","fifu_image_alt":"SM le Roi nomme 49 auditeurs de la Cour des comptes en tant que magistrats au sein des Cours r\u00e9gionales des comptes","footnotes":""},"categories":[54,76],"tags":[],"class_list":["post-143471","post","type-post","status-publish","format-standard","hentry","category-maroc","category-regions"],"_links":{"self":[{"href":"https:\/\/linitiative.ca\/International\/wp-json\/wp\/v2\/posts\/143471","targetHints":{"allow":["GET"]}}],"collection":[{"href":"https:\/\/linitiative.ca\/International\/wp-json\/wp\/v2\/posts"}],"about":[{"href":"https:\/\/linitiative.ca\/International\/wp-json\/wp\/v2\/types\/post"}],"author":[{"embeddable":true,"href":"https:\/\/linitiative.ca\/International\/wp-json\/wp\/v2\/users\/1788"}],"replies":[{"embeddable":true,"href":"https:\/\/linitiative.ca\/International\/wp-json\/wp\/v2\/comments?post=143471"}],"version-history":[{"count":0,"href":"https:\/\/linitiative.ca\/International\/wp-json\/wp\/v2\/posts\/143471\/revisions"}],"wp:attachment":[{"href":"https:\/\/linitiative.ca\/International\/wp-json\/wp\/v2\/media?parent=143471"}],"wp:term":[{"taxonomy":"category","embeddable":true,"href":"https:\/\/linitiative.ca\/International\/wp-json\/wp\/v2\/categories?post=143471"},{"taxonomy":"post_tag","embeddable":true,"href":"https:\/\/linitiative.ca\/International\/wp-json\/wp\/v2\/tags?post=143471"}],"curies":[{"name":"wp","href":"https:\/\/api.w.org\/{rel}","templated":true}]}}