{"id":143474,"date":"2022-03-19T06:29:22","date_gmt":"2022-03-19T10:29:22","guid":{"rendered":"https:\/\/linitiative.ca\/International\/tanger-grosse-saisie-de-cigarettes-de-melasse-et-de-chira\/"},"modified":"2022-03-19T06:29:22","modified_gmt":"2022-03-19T10:29:22","slug":"tanger-grosse-saisie-de-cigarettes-de-melasse-et-de-chira","status":"publish","type":"post","link":"https:\/\/linitiative.ca\/International\/tanger-grosse-saisie-de-cigarettes-de-melasse-et-de-chira\/","title":{"rendered":"Tanger: grosse saisie de cigarettes, de m\u00e9lasse et de chira"},"content":{"rendered":"<div>\n<div class=\"field field-name-body field-type-text-with-summary field-label-hidden\">\n<div class=\"field-items\">\n<div class=\"field-item even\" property=\"content:encoded\">\n<p>Les \u00e9l\u00e9ments de la Douane \u00e0 Tanger ont saisi, jeudi soir, une quantit\u00e9 importante de chira, de cigarettes et de m\u00e9lasse de contrebande.<\/p>\n<p>Les \u00e9l\u00e9ments du service appuy\u00e9s par les agents de la brigade de Tanger ont proc\u00e9d\u00e9, sur la base d&rsquo;informations pr\u00e9cises fournies par l&rsquo;Administration des douanes et apr\u00e8s avoir inform\u00e9 le procureur du roi, \u00e0 une perquisition dans un bureau commercial d&rsquo;une soci\u00e9t\u00e9 et deux entrep\u00f4ts situ\u00e9s au centre ville de Tanger, d\u00e9di\u00e9s au stockage d&rsquo;importantes quantit\u00e9s de produits illicites.\u00a0<\/p>\n<\/div>\n<\/div>\n<\/div>\n<\/div>\n<p>Auteur: mbasraoui<br \/>\n<a href=\"https:\/\/www.leconomiste.com\/flash-infos\/tanger-grosse-saisie-de-cigarettes-de-melasse-et-de-chira\">Cliquez ici pour lire l&rsquo;article depuis sa source.<\/a><\/p>\n","protected":false},"excerpt":{"rendered":"<p>Les \u00e9l\u00e9ments de la Douane \u00e0 Tanger ont saisi, jeudi soir, une quantit\u00e9 importante de chira, de cigarettes et de m\u00e9lasse de contrebande. Les \u00e9l\u00e9ments du service appuy\u00e9s par les agents de la brigade de Tanger ont proc\u00e9d\u00e9, sur la base d&rsquo;informations pr\u00e9cises fournies par l&rsquo;Administration des douanes et apr\u00e8s avoir inform\u00e9 le procureur du [&hellip;]<\/p>\n","protected":false},"author":1763,"featured_media":0,"comment_status":"closed","ping_status":"closed","sticky":false,"template":"","format":"standard","meta":{"fifu_image_url":"","fifu_image_alt":"","footnotes":""},"categories":[78,54],"tags":[],"class_list":["post-143474","post","type-post","status-publish","format-standard","hentry","category-economie","category-maroc"],"_links":{"self":[{"href":"https:\/\/linitiative.ca\/International\/wp-json\/wp\/v2\/posts\/143474","targetHints":{"allow":["GET"]}}],"collection":[{"href":"https:\/\/linitiative.ca\/International\/wp-json\/wp\/v2\/posts"}],"about":[{"href":"https:\/\/linitiative.ca\/International\/wp-json\/wp\/v2\/types\/post"}],"author":[{"embeddable":true,"href":"https:\/\/linitiative.ca\/International\/wp-json\/wp\/v2\/users\/1763"}],"replies":[{"embeddable":true,"href":"https:\/\/linitiative.ca\/International\/wp-json\/wp\/v2\/comments?post=143474"}],"version-history":[{"count":0,"href":"https:\/\/linitiative.ca\/International\/wp-json\/wp\/v2\/posts\/143474\/revisions"}],"wp:attachment":[{"href":"https:\/\/linitiative.ca\/International\/wp-json\/wp\/v2\/media?parent=143474"}],"wp:term":[{"taxonomy":"category","embeddable":true,"href":"https:\/\/linitiative.ca\/International\/wp-json\/wp\/v2\/categories?post=143474"},{"taxonomy":"post_tag","embeddable":true,"href":"https:\/\/linitiative.ca\/International\/wp-json\/wp\/v2\/tags?post=143474"}],"curies":[{"name":"wp","href":"https:\/\/api.w.org\/{rel}","templated":true}]}}