{"id":143475,"date":"2022-03-19T07:02:56","date_gmt":"2022-03-19T11:02:56","guid":{"rendered":"https:\/\/linitiative.ca\/International\/le-roi-mohammed-vi-nomme-49-auditeurs-de-la-cour-des-comptes\/"},"modified":"2022-03-19T07:02:56","modified_gmt":"2022-03-19T11:02:56","slug":"le-roi-mohammed-vi-nomme-49-auditeurs-de-la-cour-des-comptes","status":"publish","type":"post","link":"https:\/\/linitiative.ca\/International\/le-roi-mohammed-vi-nomme-49-auditeurs-de-la-cour-des-comptes\/","title":{"rendered":"Le Roi Mohammed VI nomme 49 auditeurs de la Cour des comptes"},"content":{"rendered":"<div>\n<div class=\"field field-name-body field-type-text-with-summary field-label-hidden\">\n<div class=\"field-items\">\n<div class=\"field-item even\" property=\"content:encoded\">\n<p>Sa Majest\u00e9 le Roi Mohammed VI,\u00a0a nomm\u00e9\u00a0quarante-neuf (49) auditeurs de la Cour des comptes en tant que magistrats au sein des Cours r\u00e9gionales des comptes, annonce, samedi, la Cour des Comptes.\u00a0<\/p>\n<blockquote>\n<p><strong>La r\u00e9partition des magistrats nomm\u00e9s, sur les diff\u00e9rentes Cours r\u00e9gionales des comptes, se pr\u00e9sente comme suit :<\/strong><\/p>\n<p>&#8211; La Cour r\u00e9gionale des comptes de la r\u00e9gion Tanger-T\u00e9touan-Al Hoceima : trois (3) magistrats.<\/p>\n<p>&#8211; La Cour r\u00e9gionale des comptes de la r\u00e9gion de l\u2019Oriental : cinq (5) magistrats.<\/p>\n<\/blockquote>\n<\/div>\n<\/div>\n<\/div>\n<\/div>\n<p>Auteur: mbasraoui<br \/>\n<a href=\"https:\/\/www.leconomiste.com\/flash-infos\/le-roi-mohammed-vi-nomme-49-auditeurs-de-la-cour-des-comptes\">Cliquez ici pour lire l&rsquo;article depuis sa source.<\/a><\/p>\n","protected":false},"excerpt":{"rendered":"<p>Sa Majest\u00e9 le Roi Mohammed VI,\u00a0a nomm\u00e9\u00a0quarante-neuf (49) auditeurs de la Cour des comptes en tant que magistrats au sein des Cours r\u00e9gionales des comptes, annonce, samedi, la Cour des Comptes.\u00a0 La r\u00e9partition des magistrats nomm\u00e9s, sur les diff\u00e9rentes Cours r\u00e9gionales des comptes, se pr\u00e9sente comme suit : &#8211; La Cour r\u00e9gionale des comptes de [&hellip;]<\/p>\n","protected":false},"author":1763,"featured_media":0,"comment_status":"closed","ping_status":"closed","sticky":false,"template":"","format":"standard","meta":{"fifu_image_url":"","fifu_image_alt":"","footnotes":""},"categories":[78,54],"tags":[],"class_list":["post-143475","post","type-post","status-publish","format-standard","hentry","category-economie","category-maroc"],"_links":{"self":[{"href":"https:\/\/linitiative.ca\/International\/wp-json\/wp\/v2\/posts\/143475","targetHints":{"allow":["GET"]}}],"collection":[{"href":"https:\/\/linitiative.ca\/International\/wp-json\/wp\/v2\/posts"}],"about":[{"href":"https:\/\/linitiative.ca\/International\/wp-json\/wp\/v2\/types\/post"}],"author":[{"embeddable":true,"href":"https:\/\/linitiative.ca\/International\/wp-json\/wp\/v2\/users\/1763"}],"replies":[{"embeddable":true,"href":"https:\/\/linitiative.ca\/International\/wp-json\/wp\/v2\/comments?post=143475"}],"version-history":[{"count":0,"href":"https:\/\/linitiative.ca\/International\/wp-json\/wp\/v2\/posts\/143475\/revisions"}],"wp:attachment":[{"href":"https:\/\/linitiative.ca\/International\/wp-json\/wp\/v2\/media?parent=143475"}],"wp:term":[{"taxonomy":"category","embeddable":true,"href":"https:\/\/linitiative.ca\/International\/wp-json\/wp\/v2\/categories?post=143475"},{"taxonomy":"post_tag","embeddable":true,"href":"https:\/\/linitiative.ca\/International\/wp-json\/wp\/v2\/tags?post=143475"}],"curies":[{"name":"wp","href":"https:\/\/api.w.org\/{rel}","templated":true}]}}