{"id":143478,"date":"2022-03-19T00:54:00","date_gmt":"2022-03-19T04:54:00","guid":{"rendered":"https:\/\/linitiative.ca\/International\/saint-etienne-boudebouz-buteur-face-a-troyes-video\/"},"modified":"2022-03-19T00:54:00","modified_gmt":"2022-03-19T04:54:00","slug":"saint-etienne-boudebouz-buteur-face-a-troyes-video","status":"publish","type":"post","link":"https:\/\/linitiative.ca\/International\/saint-etienne-boudebouz-buteur-face-a-troyes-video\/","title":{"rendered":"Saint-Etienne : Boudebouz buteur face \u00e0 Troyes (Vid\u00e9o)"},"content":{"rendered":"<div>Apr\u00e8s l&rsquo;ouverture du score de Lebo Mothiba pour Troyes, les Verts ont bien r\u00e9agi apr\u00e8s la pause pour \u00e9galiser gr\u00e2ce \u00e0 Ryad Boudebouz. Score finale : 1-1<\/div>\n<p>Auteur:<br \/>\n<a href=\"https:\/\/www.lebuteur.com\/article\/detail?titre=saint-etienne-boudebouz-buteur-face-a-troyes-video&#038;id=102515\">Cliquez ici pour lire l&rsquo;article depuis sa source.<\/a><\/p>\n","protected":false},"excerpt":{"rendered":"<p>Apr\u00e8s l&rsquo;ouverture du score de Lebo Mothiba pour Troyes, les Verts ont bien r\u00e9agi apr\u00e8s la pause pour \u00e9galiser gr\u00e2ce \u00e0 Ryad Boudebouz. Score finale : 1-1 Auteur: Cliquez ici pour lire l&rsquo;article depuis sa source.<\/p>\n","protected":false},"author":1738,"featured_media":0,"comment_status":"closed","ping_status":"closed","sticky":false,"template":"","format":"standard","meta":{"fifu_image_url":"","fifu_image_alt":"","footnotes":""},"categories":[53,75],"tags":[],"class_list":["post-143478","post","type-post","status-publish","format-standard","hentry","category-algerie","category-sport"],"_links":{"self":[{"href":"https:\/\/linitiative.ca\/International\/wp-json\/wp\/v2\/posts\/143478","targetHints":{"allow":["GET"]}}],"collection":[{"href":"https:\/\/linitiative.ca\/International\/wp-json\/wp\/v2\/posts"}],"about":[{"href":"https:\/\/linitiative.ca\/International\/wp-json\/wp\/v2\/types\/post"}],"author":[{"embeddable":true,"href":"https:\/\/linitiative.ca\/International\/wp-json\/wp\/v2\/users\/1738"}],"replies":[{"embeddable":true,"href":"https:\/\/linitiative.ca\/International\/wp-json\/wp\/v2\/comments?post=143478"}],"version-history":[{"count":0,"href":"https:\/\/linitiative.ca\/International\/wp-json\/wp\/v2\/posts\/143478\/revisions"}],"wp:attachment":[{"href":"https:\/\/linitiative.ca\/International\/wp-json\/wp\/v2\/media?parent=143478"}],"wp:term":[{"taxonomy":"category","embeddable":true,"href":"https:\/\/linitiative.ca\/International\/wp-json\/wp\/v2\/categories?post=143478"},{"taxonomy":"post_tag","embeddable":true,"href":"https:\/\/linitiative.ca\/International\/wp-json\/wp\/v2\/tags?post=143478"}],"curies":[{"name":"wp","href":"https:\/\/api.w.org\/{rel}","templated":true}]}}