{"id":143482,"date":"2022-03-19T12:58:00","date_gmt":"2022-03-19T16:58:00","guid":{"rendered":"https:\/\/linitiative.ca\/International\/belfodil-fete-son-retour-en-selection-par-un-but-avec-le-hertha-berlin-video\/"},"modified":"2022-03-19T12:58:00","modified_gmt":"2022-03-19T16:58:00","slug":"belfodil-fete-son-retour-en-selection-par-un-but-avec-le-hertha-berlin-video","status":"publish","type":"post","link":"https:\/\/linitiative.ca\/International\/belfodil-fete-son-retour-en-selection-par-un-but-avec-le-hertha-berlin-video\/","title":{"rendered":"Belfodil f\u00eate son retour en s\u00e9lection par un but avec le Hertha Berlin (Vid\u00e9o)"},"content":{"rendered":"<div>Alors que son nom est apparu dans la liste de Belmadi pour les matchs face au Cameroun, Ishak Belfodil s&rsquo;est illustr\u00e9 ce samedi face \u00e0 son ancienne \u00e9quipe<\/div>\n<p>Auteur:<br \/>\n<a href=\"https:\/\/www.lebuteur.com\/article\/detail?titre=belfodil-fete-son-retour-en-selection-par-un-but-avec-le-hertha-berlin-video&#038;id=102519\">Cliquez ici pour lire l&rsquo;article depuis sa source.<\/a><\/p>\n","protected":false},"excerpt":{"rendered":"<p>Alors que son nom est apparu dans la liste de Belmadi pour les matchs face au Cameroun, Ishak Belfodil s&rsquo;est illustr\u00e9 ce samedi face \u00e0 son ancienne \u00e9quipe Auteur: Cliquez ici pour lire l&rsquo;article depuis sa source.<\/p>\n","protected":false},"author":1738,"featured_media":0,"comment_status":"closed","ping_status":"closed","sticky":false,"template":"","format":"standard","meta":{"fifu_image_url":"","fifu_image_alt":"","footnotes":""},"categories":[53,75],"tags":[],"class_list":["post-143482","post","type-post","status-publish","format-standard","hentry","category-algerie","category-sport"],"_links":{"self":[{"href":"https:\/\/linitiative.ca\/International\/wp-json\/wp\/v2\/posts\/143482","targetHints":{"allow":["GET"]}}],"collection":[{"href":"https:\/\/linitiative.ca\/International\/wp-json\/wp\/v2\/posts"}],"about":[{"href":"https:\/\/linitiative.ca\/International\/wp-json\/wp\/v2\/types\/post"}],"author":[{"embeddable":true,"href":"https:\/\/linitiative.ca\/International\/wp-json\/wp\/v2\/users\/1738"}],"replies":[{"embeddable":true,"href":"https:\/\/linitiative.ca\/International\/wp-json\/wp\/v2\/comments?post=143482"}],"version-history":[{"count":0,"href":"https:\/\/linitiative.ca\/International\/wp-json\/wp\/v2\/posts\/143482\/revisions"}],"wp:attachment":[{"href":"https:\/\/linitiative.ca\/International\/wp-json\/wp\/v2\/media?parent=143482"}],"wp:term":[{"taxonomy":"category","embeddable":true,"href":"https:\/\/linitiative.ca\/International\/wp-json\/wp\/v2\/categories?post=143482"},{"taxonomy":"post_tag","embeddable":true,"href":"https:\/\/linitiative.ca\/International\/wp-json\/wp\/v2\/tags?post=143482"}],"curies":[{"name":"wp","href":"https:\/\/api.w.org\/{rel}","templated":true}]}}