{"id":143483,"date":"2022-03-19T04:00:00","date_gmt":"2022-03-19T08:00:00","guid":{"rendered":"https:\/\/linitiative.ca\/International\/une-page-de-lhistoire-politique-et-sociale-abbasside-la-revolte-des-esclaves-en-irak\/"},"modified":"2022-03-19T04:00:00","modified_gmt":"2022-03-19T08:00:00","slug":"une-page-de-lhistoire-politique-et-sociale-abbasside-la-revolte-des-esclaves-en-irak","status":"publish","type":"post","link":"https:\/\/linitiative.ca\/International\/une-page-de-lhistoire-politique-et-sociale-abbasside-la-revolte-des-esclaves-en-irak\/","title":{"rendered":"Une page de l\u2019histoire politique et sociale abbasside: La r\u00e9volte des esclaves en Irak"},"content":{"rendered":"<div><img decoding=\"async\" src=\"https:\/\/linitiative.ca\/International\/wp-content\/uploads\/sites\/23\/2022\/03\/1647506988_article.jpg\" alt=\"Une page de l\u2019histoire politique et sociale abbasside: La r\u00e9volte des esclaves en Irak\" align=\"left\">Par Mohamed-El Aziz Ben Achour &#8211; Dans la m\u00e9moire musulmane, voire universelle, l\u2019empire abbaside, fond\u00e9 en 750, jouit encore d\u2019un immense prestige et de la r\u00e9putation d\u2019une civilisation brillante \u00e0 laquelle le r\u00e8gne de Haroun al Rachid et les Mille et une nuits ajoutent une dimension romanesque et enchanteresse inalt\u00e9rable.\u00a0 Et m\u00eame lorsque l\u2019on songe aux bouleversements qui \u00e9branl\u00e8rent ce grand califat, l\u2019attention se porte g\u00e9n\u00e9ralement sur sa p\u00e9riode de d\u00e9cadence suivie du coup de gr\u00e2ce port\u00e9, cinq si\u00e8cles apr\u00e8s sa fondation, par les hordes mongoles en 1258.<br \/>\nPourtant, d\u00e8s le IXe si\u00e8cle (IIIe si\u00e8cle de l\u2019H\u00e9gire), des secousses alt\u00e9raient d\u00e9j\u00e0 &#8230;<\/p>\n<\/div>\n<p>Auteur:<br \/>\n<a href=\"https:\/\/www.leaders.com.tn\/article\/33105-une-page-de-l-histoire-politique-et-sociale-abbasside-la-revolte-des-esclaves-en-irak\">Cliquez ici pour lire l&rsquo;article depuis sa source.<\/a><\/p>\n","protected":false},"excerpt":{"rendered":"<p>Par Mohamed-El Aziz Ben Achour &#8211; Dans la m\u00e9moire musulmane, voire universelle, l\u2019empire abbaside, fond\u00e9 en 750, jouit encore d\u2019un immense prestige et de la r\u00e9putation d\u2019une civilisation brillante \u00e0 laquelle le r\u00e8gne de Haroun al Rachid et les Mille et une nuits ajoutent une dimension romanesque et enchanteresse inalt\u00e9rable.\u00a0 Et m\u00eame lorsque l\u2019on songe [&hellip;]<\/p>\n","protected":false},"author":1772,"featured_media":0,"comment_status":"closed","ping_status":"closed","sticky":false,"template":"","format":"standard","meta":{"fifu_image_url":"http:\/\/www.leaders.com.tn\/uploads\/content\/thumbnails_small\/1647506988_article.jpg","fifu_image_alt":"Une page de l\u2019histoire politique et sociale abbasside: La r\u00e9volte des esclaves en Irak","footnotes":""},"categories":[73,55],"tags":[],"class_list":["post-143483","post","type-post","status-publish","format-standard","hentry","category-actualite","category-tunisie"],"_links":{"self":[{"href":"https:\/\/linitiative.ca\/International\/wp-json\/wp\/v2\/posts\/143483","targetHints":{"allow":["GET"]}}],"collection":[{"href":"https:\/\/linitiative.ca\/International\/wp-json\/wp\/v2\/posts"}],"about":[{"href":"https:\/\/linitiative.ca\/International\/wp-json\/wp\/v2\/types\/post"}],"author":[{"embeddable":true,"href":"https:\/\/linitiative.ca\/International\/wp-json\/wp\/v2\/users\/1772"}],"replies":[{"embeddable":true,"href":"https:\/\/linitiative.ca\/International\/wp-json\/wp\/v2\/comments?post=143483"}],"version-history":[{"count":0,"href":"https:\/\/linitiative.ca\/International\/wp-json\/wp\/v2\/posts\/143483\/revisions"}],"wp:attachment":[{"href":"https:\/\/linitiative.ca\/International\/wp-json\/wp\/v2\/media?parent=143483"}],"wp:term":[{"taxonomy":"category","embeddable":true,"href":"https:\/\/linitiative.ca\/International\/wp-json\/wp\/v2\/categories?post=143483"},{"taxonomy":"post_tag","embeddable":true,"href":"https:\/\/linitiative.ca\/International\/wp-json\/wp\/v2\/tags?post=143483"}],"curies":[{"name":"wp","href":"https:\/\/api.w.org\/{rel}","templated":true}]}}