{"id":143485,"date":"2022-03-19T05:00:00","date_gmt":"2022-03-19T09:00:00","guid":{"rendered":"https:\/\/linitiative.ca\/International\/zinelabidine-benaissa-une-vie-consacree-a-la-production-et-a-la-transmission-du-savoir-a-lart-et-a-la-protection-de-la-nature\/"},"modified":"2022-03-19T05:00:00","modified_gmt":"2022-03-19T09:00:00","slug":"zinelabidine-benaissa-une-vie-consacree-a-la-production-et-a-la-transmission-du-savoir-a-lart-et-a-la-protection-de-la-nature","status":"publish","type":"post","link":"https:\/\/linitiative.ca\/International\/zinelabidine-benaissa-une-vie-consacree-a-la-production-et-a-la-transmission-du-savoir-a-lart-et-a-la-protection-de-la-nature\/","title":{"rendered":"Zinelabidine Bena\u00efssa : une vie consacr\u00e9e \u00e0 la production et \u00e0 la transmission du savoir, \u00e0 l\u2019art et \u00e0 la protection de la nature"},"content":{"rendered":"<div><img decoding=\"async\" src=\"https:\/\/linitiative.ca\/International\/wp-content\/uploads\/sites\/23\/2022\/03\/1647628057_article.jpg\" alt=\"Zinelabidine Bena\u00efssa : une vie consacr\u00e9e \u00e0 la production et \u00e0 la transmission du savoir, \u00e0 l\u2019art et \u00e0 la protection de la nature \" align=\"left\">Par Habib Mellakh &#8211; J\u2019ai connu mon ami Zinelabidine Bena\u00efssa par ou\u00ef-dire, pendant l\u2019ann\u00e9e universitaire 1977-1978, \u00e0 l\u2019Ecole Normale Sup\u00e9rieure de Tunis, o\u00f9 j\u2019avais \u00e9t\u00e9 recrut\u00e9 en octobre 1977, alors qu\u2019il y poursuivait ses \u00e9tudes sup\u00e9rieures : il n\u2019a pas \u00e9t\u00e9 mon \u00e9tudiant mais sa r\u00e9putation l\u2019avait pr\u00e9c\u00e9d\u00e9. Les coll\u00e8gues ne tarissaient pas d\u2019\u00e9loges \u00e0 son sujet et c\u2019est tout naturellement\u00a0 qu\u2019il est sorti major de sa promotion en obtenant tr\u00e8s brillamment, pendant sa quatri\u00e8me ann\u00e9e \u00e0 l\u2019Ecole Normale Sup\u00e9rieure, en Juin 1979, son dipl\u00f4me de ma\u00eetrise\u00a0 en langue et litt\u00e9rature fran\u00e7aises, et, dans la foul\u00e9e, en octobre 1979, le certificat &#8230;<\/p>\n<\/div>\n<p>Auteur:<br \/>\n<a href=\"https:\/\/www.leaders.com.tn\/article\/33114-zinelabidine-benaissa-une-vie-consacree-a-la-production-et-a-la-transmission-du-savoir-a-l-art-et-a-la-protection-de-la-nature\">Cliquez ici pour lire l&rsquo;article depuis sa source.<\/a><\/p>\n","protected":false},"excerpt":{"rendered":"<p>Par Habib Mellakh &#8211; J\u2019ai connu mon ami Zinelabidine Bena\u00efssa par ou\u00ef-dire, pendant l\u2019ann\u00e9e universitaire 1977-1978, \u00e0 l\u2019Ecole Normale Sup\u00e9rieure de Tunis, o\u00f9 j\u2019avais \u00e9t\u00e9 recrut\u00e9 en octobre 1977, alors qu\u2019il y poursuivait ses \u00e9tudes sup\u00e9rieures : il n\u2019a pas \u00e9t\u00e9 mon \u00e9tudiant mais sa r\u00e9putation l\u2019avait pr\u00e9c\u00e9d\u00e9. Les coll\u00e8gues ne tarissaient pas d\u2019\u00e9loges \u00e0 [&hellip;]<\/p>\n","protected":false},"author":1772,"featured_media":0,"comment_status":"closed","ping_status":"closed","sticky":false,"template":"","format":"standard","meta":{"fifu_image_url":"http:\/\/www.leaders.com.tn\/uploads\/content\/thumbnails_small\/1647628057_article.jpg","fifu_image_alt":"Zinelabidine Bena\u00efssa : une vie consacr\u00e9e \u00e0 la production et \u00e0 la transmission du savoir, \u00e0 l\u2019art et \u00e0 la protection de la nature","footnotes":""},"categories":[73,55],"tags":[],"class_list":["post-143485","post","type-post","status-publish","format-standard","hentry","category-actualite","category-tunisie"],"_links":{"self":[{"href":"https:\/\/linitiative.ca\/International\/wp-json\/wp\/v2\/posts\/143485","targetHints":{"allow":["GET"]}}],"collection":[{"href":"https:\/\/linitiative.ca\/International\/wp-json\/wp\/v2\/posts"}],"about":[{"href":"https:\/\/linitiative.ca\/International\/wp-json\/wp\/v2\/types\/post"}],"author":[{"embeddable":true,"href":"https:\/\/linitiative.ca\/International\/wp-json\/wp\/v2\/users\/1772"}],"replies":[{"embeddable":true,"href":"https:\/\/linitiative.ca\/International\/wp-json\/wp\/v2\/comments?post=143485"}],"version-history":[{"count":0,"href":"https:\/\/linitiative.ca\/International\/wp-json\/wp\/v2\/posts\/143485\/revisions"}],"wp:attachment":[{"href":"https:\/\/linitiative.ca\/International\/wp-json\/wp\/v2\/media?parent=143485"}],"wp:term":[{"taxonomy":"category","embeddable":true,"href":"https:\/\/linitiative.ca\/International\/wp-json\/wp\/v2\/categories?post=143485"},{"taxonomy":"post_tag","embeddable":true,"href":"https:\/\/linitiative.ca\/International\/wp-json\/wp\/v2\/tags?post=143485"}],"curies":[{"name":"wp","href":"https:\/\/api.w.org\/{rel}","templated":true}]}}