{"id":143493,"date":"2022-03-19T17:09:21","date_gmt":"2022-03-19T21:09:21","guid":{"rendered":"https:\/\/linitiative.ca\/International\/sur-quelles-chaines-regarder-le-clasico-real-barca\/"},"modified":"2022-03-19T17:09:21","modified_gmt":"2022-03-19T21:09:21","slug":"sur-quelles-chaines-regarder-le-clasico-real-barca","status":"publish","type":"post","link":"https:\/\/linitiative.ca\/International\/sur-quelles-chaines-regarder-le-clasico-real-barca\/","title":{"rendered":"Sur quelles chaines regarder le Clasico Real \u2013 Bar\u00e7a ?"},"content":{"rendered":"<div>\n<p>Avec un Karim Benzema absent pour le Clasico, le Real Madrid recevra son ennemi de toujours, le FC Barcelone en grande forme ces derni\u00e8res semaines. Pour en suivre en direct ainsi que les autres affiches de dimanche, voici le programme TV d\u00e9taill\u00e9 : Espagne \u2013 La Liga 14:00 Espanyol \u2013 Mallorca (beIN Sports HD 1) [\u2026]<\/p>\n<p>L\u2019article <a href=\"https:\/\/sport.tunisienumerique.com\/sur-quelles-chaines-regarder-le-clasico-real-barca\/\">Sur quelles chaines regarder le Clasico Real \u2013 Bar\u00e7a ?<\/a> est apparu en premier sur <a href=\"https:\/\/www.tunisienumerique.com\/\">Tunisie<\/a>.<\/p>\n<\/div>\n<p>Auteur: Hamza Ben Khlifa<br \/>\n<a href=\"https:\/\/sport.tunisienumerique.com\/sur-quelles-chaines-regarder-le-clasico-real-barca\/\">Cliquez ici pour lire l&rsquo;article depuis sa source.<\/a><\/p>\n","protected":false},"excerpt":{"rendered":"<p>Avec un Karim Benzema absent pour le Clasico, le Real Madrid recevra son ennemi de toujours, le FC Barcelone en grande forme ces derni\u00e8res semaines. Pour en suivre en direct ainsi que les autres affiches de dimanche, voici le programme TV d\u00e9taill\u00e9 : Espagne \u2013 La Liga 14:00 Espanyol \u2013 Mallorca (beIN Sports HD 1) [&hellip;]<\/p>\n","protected":false},"author":1789,"featured_media":0,"comment_status":"closed","ping_status":"closed","sticky":false,"template":"","format":"standard","meta":{"fifu_image_url":"","fifu_image_alt":"","footnotes":""},"categories":[73,55],"tags":[],"class_list":["post-143493","post","type-post","status-publish","format-standard","hentry","category-actualite","category-tunisie"],"_links":{"self":[{"href":"https:\/\/linitiative.ca\/International\/wp-json\/wp\/v2\/posts\/143493","targetHints":{"allow":["GET"]}}],"collection":[{"href":"https:\/\/linitiative.ca\/International\/wp-json\/wp\/v2\/posts"}],"about":[{"href":"https:\/\/linitiative.ca\/International\/wp-json\/wp\/v2\/types\/post"}],"author":[{"embeddable":true,"href":"https:\/\/linitiative.ca\/International\/wp-json\/wp\/v2\/users\/1789"}],"replies":[{"embeddable":true,"href":"https:\/\/linitiative.ca\/International\/wp-json\/wp\/v2\/comments?post=143493"}],"version-history":[{"count":0,"href":"https:\/\/linitiative.ca\/International\/wp-json\/wp\/v2\/posts\/143493\/revisions"}],"wp:attachment":[{"href":"https:\/\/linitiative.ca\/International\/wp-json\/wp\/v2\/media?parent=143493"}],"wp:term":[{"taxonomy":"category","embeddable":true,"href":"https:\/\/linitiative.ca\/International\/wp-json\/wp\/v2\/categories?post=143493"},{"taxonomy":"post_tag","embeddable":true,"href":"https:\/\/linitiative.ca\/International\/wp-json\/wp\/v2\/tags?post=143493"}],"curies":[{"name":"wp","href":"https:\/\/api.w.org\/{rel}","templated":true}]}}