{"id":143496,"date":"2022-03-19T07:41:24","date_gmt":"2022-03-19T11:41:24","guid":{"rendered":"https:\/\/linitiative.ca\/International\/proces-thomas-sankara-la-reprise-prevue-pour-le-mardi-22-mars-2022\/"},"modified":"2022-03-19T07:41:24","modified_gmt":"2022-03-19T11:41:24","slug":"proces-thomas-sankara-la-reprise-prevue-pour-le-mardi-22-mars-2022","status":"publish","type":"post","link":"https:\/\/linitiative.ca\/International\/proces-thomas-sankara-la-reprise-prevue-pour-le-mardi-22-mars-2022\/","title":{"rendered":"Proc\u00e8s Thomas Sankara: la reprise pr\u00e9vue pour le mardi 22 mars 2022"},"content":{"rendered":"<div>\n<p><strong>Le Proc\u00e8s Thomas Sankara et 12 autres reprend le mardi 22 mars 2022, selon Me B\u00e9n\u00e9wend\u00e9 Sankara, avocat de la partie civile s\u2019exprimant sur le Faso7.com. En rappel Ledit proc\u00e8s \u00e9tait suspendu depuis le 3 mars 2022 apr\u00e8s une requ\u00eate d\u00e9pos\u00e9e devant le Conseil constitutionnel par des avocats de la d\u00e9fense <\/strong>pour une exception d\u2019 inconstitutionnalit\u00e9<strong>.<\/strong> Le 18 mars 2022, le Conseil constitutionnel a rendu sa d\u00e9cision, jugeant la requ\u00eate en d\u00e9claration d\u2019inconstitutionnalit\u00e9 recevable, mais rejet\u00e9e comme \u00e9tant mal fond\u00e9e.<\/p>\n<p>Source\u00a0: Faso7.com<\/p>\n<p>L\u2019article <a rel=\"nofollow\" href=\"https:\/\/www.sidwaya.info\/blog\/2022\/03\/19\/proces-thomas-sankara-la-reprise-prevue-pour-le-mardi-22-mars-2022\/\">Proc\u00e8s Thomas Sankara: la reprise pr\u00e9vue pour le mardi 22 mars 2022<\/a> est apparu en premier sur <a rel=\"nofollow\" href=\"https:\/\/www.sidwaya.info\/\">Quotidien Sidwaya<\/a>.<\/p>\n<\/div>\n<p>Auteur: BANGRE SIDWAYA<br \/>\n<a href=\"https:\/\/www.sidwaya.info\/blog\/2022\/03\/19\/proces-thomas-sankara-la-reprise-prevue-pour-le-mardi-22-mars-2022\/?utm_source=rss&#038;utm_medium=rss&#038;utm_campaign=proces-thomas-sankara-la-reprise-prevue-pour-le-mardi-22-mars-2022\">Cliquez ici pour lire l&rsquo;article depuis sa source.<\/a><\/p>\n","protected":false},"excerpt":{"rendered":"<p>Le Proc\u00e8s Thomas Sankara et 12 autres reprend le mardi 22 mars 2022, selon Me B\u00e9n\u00e9wend\u00e9 Sankara, avocat de la partie civile s\u2019exprimant sur le Faso7.com. En rappel Ledit proc\u00e8s \u00e9tait suspendu depuis le 3 mars 2022 apr\u00e8s une requ\u00eate d\u00e9pos\u00e9e devant le Conseil constitutionnel par des avocats de la d\u00e9fense pour une exception d\u2019 [&hellip;]<\/p>\n","protected":false},"author":1816,"featured_media":0,"comment_status":"closed","ping_status":"closed","sticky":false,"template":"","format":"standard","meta":{"fifu_image_url":"","fifu_image_alt":"","footnotes":""},"categories":[73,81],"tags":[],"class_list":["post-143496","post","type-post","status-publish","format-standard","hentry","category-actualite","category-burkina-faso"],"_links":{"self":[{"href":"https:\/\/linitiative.ca\/International\/wp-json\/wp\/v2\/posts\/143496","targetHints":{"allow":["GET"]}}],"collection":[{"href":"https:\/\/linitiative.ca\/International\/wp-json\/wp\/v2\/posts"}],"about":[{"href":"https:\/\/linitiative.ca\/International\/wp-json\/wp\/v2\/types\/post"}],"author":[{"embeddable":true,"href":"https:\/\/linitiative.ca\/International\/wp-json\/wp\/v2\/users\/1816"}],"replies":[{"embeddable":true,"href":"https:\/\/linitiative.ca\/International\/wp-json\/wp\/v2\/comments?post=143496"}],"version-history":[{"count":0,"href":"https:\/\/linitiative.ca\/International\/wp-json\/wp\/v2\/posts\/143496\/revisions"}],"wp:attachment":[{"href":"https:\/\/linitiative.ca\/International\/wp-json\/wp\/v2\/media?parent=143496"}],"wp:term":[{"taxonomy":"category","embeddable":true,"href":"https:\/\/linitiative.ca\/International\/wp-json\/wp\/v2\/categories?post=143496"},{"taxonomy":"post_tag","embeddable":true,"href":"https:\/\/linitiative.ca\/International\/wp-json\/wp\/v2\/tags?post=143496"}],"curies":[{"name":"wp","href":"https:\/\/api.w.org\/{rel}","templated":true}]}}