{"id":143497,"date":"2022-03-19T07:56:02","date_gmt":"2022-03-19T11:56:02","guid":{"rendered":"https:\/\/linitiative.ca\/International\/situation-securitaire-le-conseil-de-lentente-solidaire-du-burkina\/"},"modified":"2022-03-19T07:56:02","modified_gmt":"2022-03-19T11:56:02","slug":"situation-securitaire-le-conseil-de-lentente-solidaire-du-burkina","status":"publish","type":"post","link":"https:\/\/linitiative.ca\/International\/situation-securitaire-le-conseil-de-lentente-solidaire-du-burkina\/","title":{"rendered":"Situation s\u00e9curitaire : le Conseil de l\u2019Entente solidaire du Burkina"},"content":{"rendered":"<div>\n<p><strong>Le pr\u00e9sident du Faso, le lieutenant-colonel Paul-Henri Sandaogo Damiba a re\u00e7u en audience cet apr\u00e8s-midi, le Secr\u00e9taire ex\u00e9cutif du Conseil de l\u2019Entente, Marcel Amon-Tanoh, \u00e0 la t\u00eate d\u2019une d\u00e9l\u00e9gation. <\/strong><\/p>\n<p>A l\u2019issue de l\u2019entretien, il a d\u00e9clar\u00e9 \u00eatre venu soutenir le Burkina Faso qui subit des pertes en vies humaines li\u00e9es aux attaques terroristes que conna\u00eet le pays depuis quelques ann\u00e9es.<\/p>\n<p>Marcel Amon-Tanoh a soulign\u00e9 que la d\u00e9l\u00e9gation a pr\u00e9sent\u00e9 les condol\u00e9ances de l\u2019organisation sous- r\u00e9gionale au pr\u00e9sident du Faso et au peuple burkinab\u00e8.<\/p>\n<p>Selon lui, la crise s\u00e9curitaire a engendr\u00e9 une crise humanitaire assez pr\u00e9occupante.<\/p>\n<p>En tant que membre du Conseil de l\u2019Entente, les difficult\u00e9s que vit le Burkina Faso affectent \u00e9galement l\u2019organisation. C\u2019est le sens de la visite de la d\u00e9l\u00e9gation, pour soutenir le pays et manifester la solidarit\u00e9 de l\u2019ensemble des membres du Conseil de l\u2019Entente au Burkina Faso.<\/p>\n<p>La d\u00e9l\u00e9gation a saisi l\u2019occasion de cet entretien avec le pr\u00e9sident du Faso pour encourager les nouvelles autorit\u00e9s dans la mise en \u0153uvre d\u2019actions visant le retour de la paix, la r\u00e9solution de la crise humanitaire, et la promotion de la coh\u00e9sion sociale.<\/p>\n<p>Le Conseil de l\u2019Entente regroupe le B\u00e9nin, le Burkina Faso, la C\u00f4te d\u2019Ivoire, le Niger et le Togo.<\/p>\n<p>\u00a0<\/p>\n<p>Direction de la communication de la Pr\u00e9sidence du Faso<\/p>\n<p>L\u2019article <a rel=\"nofollow\" href=\"https:\/\/www.sidwaya.info\/blog\/2022\/03\/19\/situation-securitaire-le-conseil-de-lentente-solidaire-du-burkina\/\">Situation s\u00e9curitaire : le Conseil de l\u2019Entente solidaire du Burkina<\/a> est apparu en premier sur <a rel=\"nofollow\" href=\"https:\/\/www.sidwaya.info\/\">Quotidien Sidwaya<\/a>.<\/p>\n<\/div>\n<p>Auteur: BS. Sidwaya<br \/>\n<a href=\"https:\/\/www.sidwaya.info\/blog\/2022\/03\/19\/situation-securitaire-le-conseil-de-lentente-solidaire-du-burkina\/?utm_source=rss&#038;utm_medium=rss&#038;utm_campaign=situation-securitaire-le-conseil-de-lentente-solidaire-du-burkina\">Cliquez ici pour lire l&rsquo;article depuis sa source.<\/a><\/p>\n","protected":false},"excerpt":{"rendered":"<p>Le pr\u00e9sident du Faso, le lieutenant-colonel Paul-Henri Sandaogo Damiba a re\u00e7u en audience cet apr\u00e8s-midi, le Secr\u00e9taire ex\u00e9cutif du Conseil de l\u2019Entente, Marcel Amon-Tanoh, \u00e0 la t\u00eate d\u2019une d\u00e9l\u00e9gation. A l\u2019issue de l\u2019entretien, il a d\u00e9clar\u00e9 \u00eatre venu soutenir le Burkina Faso qui subit des pertes en vies humaines li\u00e9es aux attaques terroristes que conna\u00eet [&hellip;]<\/p>\n","protected":false},"author":1816,"featured_media":0,"comment_status":"closed","ping_status":"closed","sticky":false,"template":"","format":"standard","meta":{"fifu_image_url":"","fifu_image_alt":"","footnotes":""},"categories":[73,81],"tags":[],"class_list":["post-143497","post","type-post","status-publish","format-standard","hentry","category-actualite","category-burkina-faso"],"_links":{"self":[{"href":"https:\/\/linitiative.ca\/International\/wp-json\/wp\/v2\/posts\/143497","targetHints":{"allow":["GET"]}}],"collection":[{"href":"https:\/\/linitiative.ca\/International\/wp-json\/wp\/v2\/posts"}],"about":[{"href":"https:\/\/linitiative.ca\/International\/wp-json\/wp\/v2\/types\/post"}],"author":[{"embeddable":true,"href":"https:\/\/linitiative.ca\/International\/wp-json\/wp\/v2\/users\/1816"}],"replies":[{"embeddable":true,"href":"https:\/\/linitiative.ca\/International\/wp-json\/wp\/v2\/comments?post=143497"}],"version-history":[{"count":0,"href":"https:\/\/linitiative.ca\/International\/wp-json\/wp\/v2\/posts\/143497\/revisions"}],"wp:attachment":[{"href":"https:\/\/linitiative.ca\/International\/wp-json\/wp\/v2\/media?parent=143497"}],"wp:term":[{"taxonomy":"category","embeddable":true,"href":"https:\/\/linitiative.ca\/International\/wp-json\/wp\/v2\/categories?post=143497"},{"taxonomy":"post_tag","embeddable":true,"href":"https:\/\/linitiative.ca\/International\/wp-json\/wp\/v2\/tags?post=143497"}],"curies":[{"name":"wp","href":"https:\/\/api.w.org\/{rel}","templated":true}]}}