{"id":143498,"date":"2022-03-18T19:18:03","date_gmt":"2022-03-18T23:18:03","guid":{"rendered":"https:\/\/linitiative.ca\/International\/cote-divoire-5-milliards-f-cfa-pour-une-cacaoculture-durable\/"},"modified":"2022-03-18T19:18:03","modified_gmt":"2022-03-18T23:18:03","slug":"cote-divoire-5-milliards-f-cfa-pour-une-cacaoculture-durable","status":"publish","type":"post","link":"https:\/\/linitiative.ca\/International\/cote-divoire-5-milliards-f-cfa-pour-une-cacaoculture-durable\/","title":{"rendered":"C\u00f4te d\u2019Ivoire : 5 milliards F CFA pour une cacaoculture durable"},"content":{"rendered":"<div>\n<p><img decoding=\"async\" width=\"540\" height=\"360\" src=\"https:\/\/linitiative.ca\/International\/wp-content\/uploads\/sites\/23\/2022\/03\/16476454834523.jpg\" class=\"attachment-post-thumbnail size-post-thumbnail wp-post-image\" alt=\"\" loading=\"lazy\" srcset=\"https:\/\/linitiative.ca\/International\/wp-content\/uploads\/sites\/23\/2022\/03\/16476454834523.jpg 540w, https:\/\/www.journalducameroun.com\/wp-content\/uploads\/2022\/03\/16476454834523-300x200.jpg 300w\" sizes=\"auto, (max-width: 540px) 100vw, 540px\"><\/p>\n<p>Le ministre de l&rsquo;Environnement et du D\u00e9veloppement durable, Jean-Luc Assi, a sign\u00e9, vendredi \u00e0 Abidjan, un protocole d&rsquo;accord avec l&rsquo;Organisation des Nations Unies pour l&rsquo;alimentation et l&rsquo;agriculture (FAO, sigle en anglais).La C\u00f4te d&rsquo;Ivoire est le plus grand producteur de cacao du monde. Pour p\u00e9renniser cette culture, le gouvernement va recevoir 5 milliards F CFA de l&rsquo;Organisation des Nations Unies pour l&rsquo;alimentation et l&rsquo;agriculture (FAO) qui agit en qualit\u00e9 d&rsquo;\u00ab agence accr\u00e9dit\u00e9e \u00bb aupr\u00e8s du Fonds vert pour le climat.<\/p>\n<p>Ce financement s&rsquo;inscrit dans le cadre de la composante 1 du projet \u00ab Promouvoir une production de cacao sans d\u00e9forestation pour r\u00e9duire les \u00e9missions (de carbone) en C\u00f4te d&rsquo;Ivoire\u00a0\u00bb (Promire).<\/p>\n<p>Il devrait permettre, a d\u00e9taill\u00e9 Jean-Luc Assi, le ministre de l&rsquo;Environnement et du D\u00e9veloppement durable, \u00ab de\u00a0finaliser et d&rsquo;op\u00e9rationnaliser\u00a0la Norme d&rsquo;excellence environnementale REDD+\u00a0et de d\u00e9ployer (le projet) dans trois r\u00e9gions du pays \u00bb \u00e0 savoir la M\u00e9, le Sud Como\u00e9 et l&rsquo;Agneby Tiassa.<\/p>\n<p>Selon M. Assi, le \u00ab partenariat dynamique \u00bb entre la FAO et l&rsquo;\u00c9tat ivoirien va favoriser l&rsquo;innovation pour une agriculture durable, la restauration des paysages forestiers et l&rsquo;agroforesterie.<\/p>\n<p>De son c\u00f4t\u00e9, Samy Gaiji, le repr\u00e9sentant de la FAO en C\u00f4te d&rsquo;Ivoire, a soulign\u00e9 que ce projet, le premier financ\u00e9 par le Fonds vert climat dans ce pays, est une r\u00e9ponse concr\u00e8te aux critiques contre la d\u00e9forestation. L&rsquo;organisme onusien a dit travailler avec le minist\u00e8re de tutelle ivoirien pour \u00ab bien articuler\u00a0la composante 1 du projet \u00bb.<\/p>\n<p>Poursuivant, M. Gaiji a d\u00e9clar\u00e9 que \u00ab c&rsquo;est un grand pas\u00a0afin d&rsquo;assurer la transition \u00e9cologique \u00bb de la C\u00f4te d&rsquo;Ivoire. \u00c0 terme, les capacit\u00e9s du Secr\u00e9tariat ex\u00e9cutif permanent de la REDD+, cheville ouvri\u00e8re de la mise en oeuvre dudit m\u00e9canisme, doivent \u00eatre renforc\u00e9es \u00e0 travers l&rsquo;ach\u00e8vement de son architecture nationale.<\/p>\n<p>Coordonnateur du projet, le colonel Jonas Assimi a indiqu\u00e9 que le projet Promire se d\u00e9roulera sur cinq ans et touchera 34 for\u00eats class\u00e9es, soit 549.581 hectares.<\/p>\n<p>Cet article <a rel=\"nofollow\" href=\"https:\/\/www.journalducameroun.com\/cote-divoire-5-milliards-f-cfa-pour-une-cacaoculture-durable\/\">C\u00f4te d\u2019Ivoire : 5 milliards F CFA pour une cacaoculture durable<\/a> est apparu en premier sur <a rel=\"nofollow\" href=\"https:\/\/www.journalducameroun.com\/\">Journal du Cameroun<\/a>.<\/p>\n<\/div>\n<p>Auteur: APA News<br \/>\n<a href=\"https:\/\/www.journalducameroun.com\/cote-divoire-5-milliards-f-cfa-pour-une-cacaoculture-durable\/\">Cliquez ici pour lire l&rsquo;article depuis sa source.<\/a><\/p>\n","protected":false},"excerpt":{"rendered":"<p>Le ministre de l&rsquo;Environnement et du D\u00e9veloppement durable, Jean-Luc Assi, a sign\u00e9, vendredi \u00e0 Abidjan, un protocole d&rsquo;accord avec l&rsquo;Organisation des Nations Unies pour l&rsquo;alimentation et l&rsquo;agriculture (FAO, sigle en anglais).La C\u00f4te d&rsquo;Ivoire est le plus grand producteur de cacao du monde. Pour p\u00e9renniser cette culture, le gouvernement va recevoir 5 milliards F CFA de [&hellip;]<\/p>\n","protected":false},"author":1965,"featured_media":0,"comment_status":"closed","ping_status":"closed","sticky":false,"template":"","format":"standard","meta":{"fifu_image_url":"https:\/\/www.journalducameroun.com\/wp-content\/uploads\/2022\/03\/16476454834523.jpg","fifu_image_alt":"C\u00f4te d\u2019Ivoire : 5 milliards F CFA pour une cacaoculture durable","footnotes":""},"categories":[73,82],"tags":[],"class_list":["post-143498","post","type-post","status-publish","format-standard","hentry","category-actualite","category-cameroun"],"_links":{"self":[{"href":"https:\/\/linitiative.ca\/International\/wp-json\/wp\/v2\/posts\/143498","targetHints":{"allow":["GET"]}}],"collection":[{"href":"https:\/\/linitiative.ca\/International\/wp-json\/wp\/v2\/posts"}],"about":[{"href":"https:\/\/linitiative.ca\/International\/wp-json\/wp\/v2\/types\/post"}],"author":[{"embeddable":true,"href":"https:\/\/linitiative.ca\/International\/wp-json\/wp\/v2\/users\/1965"}],"replies":[{"embeddable":true,"href":"https:\/\/linitiative.ca\/International\/wp-json\/wp\/v2\/comments?post=143498"}],"version-history":[{"count":0,"href":"https:\/\/linitiative.ca\/International\/wp-json\/wp\/v2\/posts\/143498\/revisions"}],"wp:attachment":[{"href":"https:\/\/linitiative.ca\/International\/wp-json\/wp\/v2\/media?parent=143498"}],"wp:term":[{"taxonomy":"category","embeddable":true,"href":"https:\/\/linitiative.ca\/International\/wp-json\/wp\/v2\/categories?post=143498"},{"taxonomy":"post_tag","embeddable":true,"href":"https:\/\/linitiative.ca\/International\/wp-json\/wp\/v2\/tags?post=143498"}],"curies":[{"name":"wp","href":"https:\/\/api.w.org\/{rel}","templated":true}]}}