{"id":143500,"date":"2022-03-19T08:18:03","date_gmt":"2022-03-19T12:18:03","guid":{"rendered":"https:\/\/linitiative.ca\/International\/politique-et-economie-au-menu-des-quotidiens-et-hebdomadaires-marocains\/"},"modified":"2022-03-19T08:18:03","modified_gmt":"2022-03-19T12:18:03","slug":"politique-et-economie-au-menu-des-quotidiens-et-hebdomadaires-marocains","status":"publish","type":"post","link":"https:\/\/linitiative.ca\/International\/politique-et-economie-au-menu-des-quotidiens-et-hebdomadaires-marocains\/","title":{"rendered":"Politique et \u00e9conomie au menu des quotidiens et hebdomadaires marocains"},"content":{"rendered":"<div>\n<p><img decoding=\"async\" width=\"287\" height=\"176\" src=\"https:\/\/linitiative.ca\/International\/wp-content\/uploads\/sites\/23\/2022\/03\/16476922838001.jpg\" class=\"attachment-post-thumbnail size-post-thumbnail wp-post-image\" alt=\"\" loading=\"lazy\"><\/p>\n<p>Les relations Maroc-Espagne et la flamb\u00e9e des prix des produits de premi\u00e8re n\u00e9cessit\u00e9 sont les principaux sujets trait\u00e9s par les quotidiens et hebdomadaires marocains parus ce samedi.+Le Matin+ rapporte que l&rsquo;Espagne consid\u00e8re l&rsquo;initiative marocaine d&rsquo;autonomie comme la base la plus s\u00e9rieuse, r\u00e9aliste et cr\u00e9dible pour la r\u00e9solution du diff\u00e9rend au sujet du Sahara marocain.<\/p>\n<p>Selon un communiqu\u00e9 du Cabinet royal, \u00ab\u00a0l&rsquo;Espagne consid\u00e8re l&rsquo;initiative marocaine d&rsquo;autonomie comme la base la plus s\u00e9rieuse, r\u00e9aliste et cr\u00e9dible pour la r\u00e9solution du diff\u00e9rend\u00a0\u00bb au sujet du Sahara.<\/p>\n<p>Dans un Message adress\u00e9 au Roi Mohammed VI, le Pr\u00e9sident du gouvernement espagnol, Pedro S\u00e1nchez, a soulign\u00e9 qu&rsquo;il \u00ab\u00a0reconna\u00eet l&rsquo;importance de la question du Sahara pour le Maroc\u00a0\u00bb. A ce titre, \u00ab\u00a0l&rsquo;Espagne consid\u00e8re l&rsquo;initiative marocaine d&rsquo;autonomie, pr\u00e9sent\u00e9e en 2007, comme la base la plus s\u00e9rieuse, r\u00e9aliste et cr\u00e9dible pour la r\u00e9solution du diff\u00e9rend\u00a0\u00bb.<\/p>\n<p>Il a, \u00e9galement, soulign\u00e9 \u00ab\u00a0les efforts s\u00e9rieux et cr\u00e9dibles du Maroc dans le cadre des Nations Unies pour trouver une solution mutuellement acceptable\u00a0\u00bb. Dans son message au Souverain, le Pr\u00e9sident du Gouvernement espagnol a, en outre, mis en exergue que les \u00ab\u00a0deux pays sont unis inextricablement par des affections, une histoire, une g\u00e9ographie, des int\u00e9r\u00eats et une amiti\u00e9 partag\u00e9e\u00a0\u00bb.<\/p>\n<p>+Finances News Hebdo+ \u00e9crit que la sortie m\u00e9diatique du ministre d\u00e9l\u00e9gu\u00e9 charg\u00e9 du budget, Faouzi Lekjaa, qui a annonc\u00e9 la mobilisation par le gouvernement de 15 milliards de DH (1,4 milliard d&rsquo;euros) suppl\u00e9mentaires pour limiter l&rsquo;impact de la crise actuelle sur les citoyens appelle deux remarques principales.<\/p>\n<p>Premi\u00e8rement, ce montant ne sera pas suffisant pour restituer le pouvoir d&rsquo;achat aux citoyens, qui s&rsquo;est d\u00e9j\u00e0 fortement d\u00e9grad\u00e9 \u00e0 cause de la flamb\u00e9e des prix des produits alimentaires et \u00e9nerg\u00e9tiques, explique le journal.<\/p>\n<p>Certes, on ne peut passer sous silence l&rsquo;effort budg\u00e9taire fait par le gouvernement pour subventionner le gaz butane et la farine, mais le panier de la m\u00e9nag\u00e8re est bien plus large que ces deux produits, constate-t-il.<\/p>\n<p>Dans ce contexte de s\u00e9cheresse et de guerre russo-ukrainienne, les tensions sont ainsi ressenties non seulement sur les prix des produits alimentaires, mais \u00e9galement sur les prix \u00e0 la pompe, un dossier auquel le gouvernement n&rsquo;a rien propos\u00e9 de concret, \u00e0 l&rsquo;exception de la promesse d&rsquo;un soutien aux transporteurs routiers, dont les modalit\u00e9s restent \u00e0 d\u00e9finir, note-t-il.<\/p>\n<p>Mais la +Vie \u00c9co voit+ le verre \u00e0 moiti\u00e9 plein, en soulignant que la flamb\u00e9e actuelle des prix des mati\u00e8res premi\u00e8res et de denr\u00e9es alimentaires au niveau mondial, malgr\u00e9 tous ses effets n\u00e9gatifs, aura n\u00e9anmoins un point positif, expliquant qu&rsquo;elle obligera les pouvoirs publics \u00e0 activer encore plus la mise en place de r\u00e9formes des dispositifs de subvention dans leur globalit\u00e9 en se dirigeant vers les aides directes bas\u00e9es sur le Registre social unifi\u00e9.<\/p>\n<p>Sans le vouloir et sous la pression de la conjoncture et des prix \u00e0 l&rsquo;international, le gouvernement est en passe de produire une exp\u00e9rience r\u00e9duite \u00e0 travers les aides directes qui seront accord\u00e9es aux transporteurs, constate l&rsquo;hebdomadaire, soulignant que ce dispositif, bien que pr\u00e9par\u00e9 dans l&rsquo;urgence, refl\u00e8te parfaitement le principe du ciblage.<\/p>\n<p>Les prix et cours mondiaux des hydrocarbures \u00e9tant \u00e0 leur plus haut niveau, le principal d\u00e9fi pour le gouvernement consistait \u00e0 \u00e9viter que les hausses de prix \u00e0 la pompe engendrent, par le biais du transport, une flamb\u00e9e des prix des marchandises et des biens de consommation, soutient-il.<\/p>\n<p>La solution judicieusement mise en place a consist\u00e9 donc \u00e0 accorder aux transporteurs seuls une subvention directe de sorte qu&rsquo;ils gardent inchang\u00e9s leurs tarifs, explique-t-il, estimant que le principe de ciblage peut \u00eatre pertinent dans d&rsquo;autres types de politiques publiques.<\/p>\n<p>Cet article <a rel=\"nofollow\" href=\"https:\/\/www.journalducameroun.com\/politique-et-economie-au-menu-des-quotidiens-et-hebdomadaires-marocains\/\">Politique et \u00e9conomie au menu des quotidiens et hebdomadaires marocains<\/a> est apparu en premier sur <a rel=\"nofollow\" href=\"https:\/\/www.journalducameroun.com\/\">Journal du Cameroun<\/a>.<\/p>\n<\/div>\n<p>Auteur: APA News<br \/>\n<a href=\"https:\/\/www.journalducameroun.com\/politique-et-economie-au-menu-des-quotidiens-et-hebdomadaires-marocains\/\">Cliquez ici pour lire l&rsquo;article depuis sa source.<\/a><\/p>\n","protected":false},"excerpt":{"rendered":"<p>Les relations Maroc-Espagne et la flamb\u00e9e des prix des produits de premi\u00e8re n\u00e9cessit\u00e9 sont les principaux sujets trait\u00e9s par les quotidiens et hebdomadaires marocains parus ce samedi.+Le Matin+ rapporte que l&rsquo;Espagne consid\u00e8re l&rsquo;initiative marocaine d&rsquo;autonomie comme la base la plus s\u00e9rieuse, r\u00e9aliste et cr\u00e9dible pour la r\u00e9solution du diff\u00e9rend au sujet du Sahara marocain. Selon [&hellip;]<\/p>\n","protected":false},"author":1965,"featured_media":0,"comment_status":"closed","ping_status":"closed","sticky":false,"template":"","format":"standard","meta":{"fifu_image_url":"https:\/\/www.journalducameroun.com\/wp-content\/uploads\/2022\/03\/16476922838001.jpg","fifu_image_alt":"Politique et \u00e9conomie au menu des quotidiens et hebdomadaires marocains","footnotes":""},"categories":[73,82],"tags":[],"class_list":["post-143500","post","type-post","status-publish","format-standard","hentry","category-actualite","category-cameroun"],"_links":{"self":[{"href":"https:\/\/linitiative.ca\/International\/wp-json\/wp\/v2\/posts\/143500","targetHints":{"allow":["GET"]}}],"collection":[{"href":"https:\/\/linitiative.ca\/International\/wp-json\/wp\/v2\/posts"}],"about":[{"href":"https:\/\/linitiative.ca\/International\/wp-json\/wp\/v2\/types\/post"}],"author":[{"embeddable":true,"href":"https:\/\/linitiative.ca\/International\/wp-json\/wp\/v2\/users\/1965"}],"replies":[{"embeddable":true,"href":"https:\/\/linitiative.ca\/International\/wp-json\/wp\/v2\/comments?post=143500"}],"version-history":[{"count":0,"href":"https:\/\/linitiative.ca\/International\/wp-json\/wp\/v2\/posts\/143500\/revisions"}],"wp:attachment":[{"href":"https:\/\/linitiative.ca\/International\/wp-json\/wp\/v2\/media?parent=143500"}],"wp:term":[{"taxonomy":"category","embeddable":true,"href":"https:\/\/linitiative.ca\/International\/wp-json\/wp\/v2\/categories?post=143500"},{"taxonomy":"post_tag","embeddable":true,"href":"https:\/\/linitiative.ca\/International\/wp-json\/wp\/v2\/tags?post=143500"}],"curies":[{"name":"wp","href":"https:\/\/api.w.org\/{rel}","templated":true}]}}