{"id":143504,"date":"2022-03-19T09:53:06","date_gmt":"2022-03-19T13:53:06","guid":{"rendered":"https:\/\/linitiative.ca\/International\/presidence-de-lassemblee-nationale-cabral-libii-explique-pourquoi-il-na-pas-vote-pour-jean-michel-nintcheu\/"},"modified":"2022-03-19T09:53:06","modified_gmt":"2022-03-19T13:53:06","slug":"presidence-de-lassemblee-nationale-cabral-libii-explique-pourquoi-il-na-pas-vote-pour-jean-michel-nintcheu","status":"publish","type":"post","link":"https:\/\/linitiative.ca\/International\/presidence-de-lassemblee-nationale-cabral-libii-explique-pourquoi-il-na-pas-vote-pour-jean-michel-nintcheu\/","title":{"rendered":"Pr\u00e9sidence de l\u2019Assembl\u00e9e Nationale : Cabral Libii explique pourquoi il n\u2019a pas vot\u00e9 pour Jean-Michel Nintcheu"},"content":{"rendered":"<div>\n<p>Jean-Michel Nintcheu a eu une seule fois sur les 161 votants hier \u00e0 l\u2019Assembl\u00e9e nationale du Cameroun dans le cadre de la session ordinaire consacr\u00e9e \u00e0 la mise sur pied du bureau d\u00e9finitif de la chambre basse du parlement. M\u00eame les partis alli\u00e9s du groupe baptis\u00e9 \u00ab\u00a0Union pour le changement\u00a0\u00bb n\u2019ont pas vot\u00e9 pour lui. Le d\u00e9put\u00e9 Sdf s\u2019\u00e9tait pr\u00e9sent\u00e9 comme \u00ab\u00a0challenger\u00a0\u00bb de Cavaye Yeguie Djibril au poste de pr\u00e9sident. Depuis lors, la toile s\u2019est mise en branle, questionnant la capacit\u00e9 de ce groupe parlementaire en gestation de regarder vers la m\u00eame direction.<\/p>\n<p>Des interrogations qui ont pouss\u00e9 l\u2019honorable Cabral Libii, pr\u00e9sident du Parti camerounais pour la r\u00e9conciliation nationale (Pcrn) \u00e0 faire une sortie afin d\u2019\u00e9clairer la lanterne des uns et des autres. Nous apprenons d\u2019ailleurs qu\u2019avant l\u2019\u00e9lection, les leaders du groupe \u00ab\u00a0Union pour le changement se sont concert\u00e9s pendant plus d\u2019une heure\u00a0: \u00ab\u00a0Aucun des partis n\u2019a sollicit\u00e9 les autres en soutien \u00e0 un quelconque candidat\u00a0; aucun membre du groupe n\u2019a inform\u00e9 les autres membres de son intention de candidature. Nous avons d\u00e9cid\u00e9 que le vote des 15 membres pr\u00e9sents devait \u00eatre le bulletin nul\u00a0\u00bb. Et d\u2019ajouter\u00a0: \u00ab\u00a0A l\u2019\u00e9lection du PAN ce mot d\u2019ordre de groupe a \u00e9t\u00e9 respect\u00e9 \u00e0 hauteur de 12\/15. Pour l\u2019\u00e9lection du 1er vice-pr\u00e9sident le mot d\u2019ordre a \u00e9t\u00e9 respect\u00e9 \u00e0 hauteur de 14\/15\u00a0\u00bb.<\/p>\n<p>Au regard des statistiques, il est clair que les membres ne regardent pas tous vers la m\u00eame direction. Mais Cabral Libii reste confiant car pour lui, la volont\u00e9 de l\u2019opposition repr\u00e9sent\u00e9e \u00e0 l\u2019Assembl\u00e9e nationale de parler d\u2019une m\u00eame voix et de travailler ensemble, n\u2019est en rien \u00e9mouss\u00e9e.<\/p>\n<p>L\u2019article <a rel=\"nofollow\" href=\"https:\/\/ecomatin.net\/presidence-de-lassemblee-nationale-cabral-libii-explique-pourquoi-il-na-pas-vote-1pour-jean-michel-nintcheu\/\">Pr\u00e9sidence de l\u2019Assembl\u00e9e Nationale : Cabral Libii explique pourquoi il n\u2019a pas vot\u00e9 pour Jean-Michel Nintcheu<\/a> est apparu en premier sur <a rel=\"nofollow\" href=\"https:\/\/ecomatin.net\/\">EcoMatin<\/a>.<\/p>\n<\/div>\n<p>Auteur: EcoMatin<br \/>\n<a href=\"https:\/\/ecomatin.net\/presidence-de-lassemblee-nationale-cabral-libii-explique-pourquoi-il-na-pas-vote-1pour-jean-michel-nintcheu\/\">Cliquez ici pour lire l&rsquo;article depuis sa source.<\/a><\/p>\n","protected":false},"excerpt":{"rendered":"<p>Jean-Michel Nintcheu a eu une seule fois sur les 161 votants hier \u00e0 l\u2019Assembl\u00e9e nationale du Cameroun dans le cadre de la session ordinaire consacr\u00e9e \u00e0 la mise sur pied du bureau d\u00e9finitif de la chambre basse du parlement. M\u00eame les partis alli\u00e9s du groupe baptis\u00e9 \u00ab\u00a0Union pour le changement\u00a0\u00bb n\u2019ont pas vot\u00e9 pour lui. [&hellip;]<\/p>\n","protected":false},"author":1969,"featured_media":0,"comment_status":"closed","ping_status":"closed","sticky":false,"template":"","format":"standard","meta":{"fifu_image_url":"","fifu_image_alt":"","footnotes":""},"categories":[82,78],"tags":[],"class_list":["post-143504","post","type-post","status-publish","format-standard","hentry","category-cameroun","category-economie"],"_links":{"self":[{"href":"https:\/\/linitiative.ca\/International\/wp-json\/wp\/v2\/posts\/143504","targetHints":{"allow":["GET"]}}],"collection":[{"href":"https:\/\/linitiative.ca\/International\/wp-json\/wp\/v2\/posts"}],"about":[{"href":"https:\/\/linitiative.ca\/International\/wp-json\/wp\/v2\/types\/post"}],"author":[{"embeddable":true,"href":"https:\/\/linitiative.ca\/International\/wp-json\/wp\/v2\/users\/1969"}],"replies":[{"embeddable":true,"href":"https:\/\/linitiative.ca\/International\/wp-json\/wp\/v2\/comments?post=143504"}],"version-history":[{"count":0,"href":"https:\/\/linitiative.ca\/International\/wp-json\/wp\/v2\/posts\/143504\/revisions"}],"wp:attachment":[{"href":"https:\/\/linitiative.ca\/International\/wp-json\/wp\/v2\/media?parent=143504"}],"wp:term":[{"taxonomy":"category","embeddable":true,"href":"https:\/\/linitiative.ca\/International\/wp-json\/wp\/v2\/categories?post=143504"},{"taxonomy":"post_tag","embeddable":true,"href":"https:\/\/linitiative.ca\/International\/wp-json\/wp\/v2\/tags?post=143504"}],"curies":[{"name":"wp","href":"https:\/\/api.w.org\/{rel}","templated":true}]}}