{"id":143505,"date":"2022-03-19T09:59:56","date_gmt":"2022-03-19T13:59:56","guid":{"rendered":"https:\/\/linitiative.ca\/International\/jean-michel-nintcheu-cavaye-na-plus-les-capacites-physiques-a-administrer-cette-chambre\/"},"modified":"2022-03-19T09:59:56","modified_gmt":"2022-03-19T13:59:56","slug":"jean-michel-nintcheu-cavaye-na-plus-les-capacites-physiques-a-administrer-cette-chambre","status":"publish","type":"post","link":"https:\/\/linitiative.ca\/International\/jean-michel-nintcheu-cavaye-na-plus-les-capacites-physiques-a-administrer-cette-chambre\/","title":{"rendered":"Jean Michel Nintcheu\u00a0: \u00abCavaye n\u2019a plus les capacit\u00e9s physiques \u00e0 administrer cette chambre\u00a0\u00bb"},"content":{"rendered":"<div>\n<p><strong>Qu\u2019est ce qui justifie votre candidature au poste de pr\u00e9sident de l\u2019Assembl\u00e9e nationale\u00a0?<\/strong><\/p>\n<p>J\u2019avais d\u00e9cid\u00e9 d\u2019\u00eatre candidat au cas o\u00f9 le statu quo \u00e9tait maintenu du\u00a0 c\u00f4t\u00e9 majoritaire avec l\u2019investiture de l\u2019honorable Cavaye Yegui\u00e9 Djibril. Quand j\u2019ai constat\u00e9 qu\u2019une fois de plus et une fois de trop, il \u00e9tait investi par son parti, j\u2019ai d\u00e9cid\u00e9 de me porter candidat contre lui. Compte tenu de la configuration\u00a0 de la chambre, je ne m\u2019attendais pas \u00e0 \u00eatre \u00e9lu. Je voulais envoyer un signal. Je vois que le signal est pass\u00e9. Il a \u00e9t\u00e9 re\u00e7u et je m\u2019en r\u00e9jouis.<\/p>\n<p><strong>Quel \u00e9tait ce signal que vous vouliez passer ?<\/strong><\/p>\n<p>Le signal \u00e9tait qu\u2019apr\u00e8s avoir pass\u00e9 30 ans \u00e0 la t\u00eate de l\u2019institution, Cavaye, tout le monde le sait, est diminu\u00e9 physiquement, qui n\u2019a plus toutes ses capacit\u00e9s physiques ni mentales pour administrer convenablement cette chambre devrait prendre sa retraite. Si vous ne savez pas, Cavaye Yeguie Djibril est d\u00e9put\u00e9 depuis 1972 c\u2019est-\u00e0-dire quand j\u2019entrais au CM2. Il est pr\u00e9sident de l\u2019Assembl\u00e9e nationale depuis 1992 c\u2019est-\u00e0-dire \u00e0 peu pr\u00e8s l\u2019\u00e2ge du plus jeune d\u00e9put\u00e9 de la chambre. J\u2019estime qu\u2019il \u00e9tait temps pour lui de prendre sa retraite. C\u2019est le signal que je voulais envoyer. Mon score n\u2019\u00e9tait pas important. Le plus important \u00e9tait la symbolique de ma candidature. C\u2019\u00e9tait une candidature de protestation.\u00a0 J\u2019avais une mission \u00e0 accomplir. Je l\u2019ai accompli et je suis satisfait.<\/p>\n<p><strong>Quatre partis politiques ont d\u00e9cid\u00e9 de se mettre ensemble sous le nom \u00ab\u00a0Union pour le changement\u00a0\u00bb. Parmi ces formations politiques, on retrouve le Social democratic front (Sdf). Ce groupe n\u2019a pas encore \u00e9t\u00e9 valid\u00e9 par l\u2019Assembl\u00e9e nationale \u2026<\/strong><\/p>\n<p>Nous avons d\u00e9cid\u00e9 de nous mettre ensemble pour travailler. C\u2019est une initiative de quatre partis politiques. Il n\u2019y a pas encore eu une issue \u00e0 notre initiative. La doyenne d\u2019\u00e2ge \u00e0 l\u2019Assembl\u00e9e nationale a indiqu\u00e9 qu\u2019elle n\u2019avait pas comp\u00e9tence de trancher au sujet de cette affaire. Le dossier a \u00e9t\u00e9 remis au nouvel ex\u00e9cutif. Nous sommes dans notre droit. Nous pensons que ce groupe parlementaire sera valid\u00e9\u00a0 et va entrer en activit\u00e9.<\/p>\n<p>L\u2019article <a rel=\"nofollow\" href=\"https:\/\/ecomatin.net\/jean-michel-nintcheu-cavaye-na-plus-les-capacites-physiques-a-administrer-cette-chambre\/\">Jean Michel Nintcheu\u00a0: \u00abCavaye n\u2019a plus les capacit\u00e9s physiques \u00e0 administrer cette chambre\u00a0\u00bb<\/a> est apparu en premier sur <a rel=\"nofollow\" href=\"https:\/\/ecomatin.net\/\">EcoMatin<\/a>.<\/p>\n<\/div>\n<p>Auteur: EcoMatin<br \/>\n<a href=\"https:\/\/ecomatin.net\/jean-michel-nintcheu-cavaye-na-plus-les-capacites-physiques-a-administrer-cette-chambre\/\">Cliquez ici pour lire l&rsquo;article depuis sa source.<\/a><\/p>\n","protected":false},"excerpt":{"rendered":"<p>Qu\u2019est ce qui justifie votre candidature au poste de pr\u00e9sident de l\u2019Assembl\u00e9e nationale\u00a0? J\u2019avais d\u00e9cid\u00e9 d\u2019\u00eatre candidat au cas o\u00f9 le statu quo \u00e9tait maintenu du\u00a0 c\u00f4t\u00e9 majoritaire avec l\u2019investiture de l\u2019honorable Cavaye Yegui\u00e9 Djibril. Quand j\u2019ai constat\u00e9 qu\u2019une fois de plus et une fois de trop, il \u00e9tait investi par son parti, j\u2019ai d\u00e9cid\u00e9 [&hellip;]<\/p>\n","protected":false},"author":1969,"featured_media":0,"comment_status":"closed","ping_status":"closed","sticky":false,"template":"","format":"standard","meta":{"fifu_image_url":"","fifu_image_alt":"","footnotes":""},"categories":[82,78],"tags":[],"class_list":["post-143505","post","type-post","status-publish","format-standard","hentry","category-cameroun","category-economie"],"_links":{"self":[{"href":"https:\/\/linitiative.ca\/International\/wp-json\/wp\/v2\/posts\/143505","targetHints":{"allow":["GET"]}}],"collection":[{"href":"https:\/\/linitiative.ca\/International\/wp-json\/wp\/v2\/posts"}],"about":[{"href":"https:\/\/linitiative.ca\/International\/wp-json\/wp\/v2\/types\/post"}],"author":[{"embeddable":true,"href":"https:\/\/linitiative.ca\/International\/wp-json\/wp\/v2\/users\/1969"}],"replies":[{"embeddable":true,"href":"https:\/\/linitiative.ca\/International\/wp-json\/wp\/v2\/comments?post=143505"}],"version-history":[{"count":0,"href":"https:\/\/linitiative.ca\/International\/wp-json\/wp\/v2\/posts\/143505\/revisions"}],"wp:attachment":[{"href":"https:\/\/linitiative.ca\/International\/wp-json\/wp\/v2\/media?parent=143505"}],"wp:term":[{"taxonomy":"category","embeddable":true,"href":"https:\/\/linitiative.ca\/International\/wp-json\/wp\/v2\/categories?post=143505"},{"taxonomy":"post_tag","embeddable":true,"href":"https:\/\/linitiative.ca\/International\/wp-json\/wp\/v2\/tags?post=143505"}],"curies":[{"name":"wp","href":"https:\/\/api.w.org\/{rel}","templated":true}]}}