{"id":143507,"date":"2022-03-19T11:22:22","date_gmt":"2022-03-19T15:22:22","guid":{"rendered":"https:\/\/linitiative.ca\/International\/infrastructures-sportives-460-millions-de-f-pour-achever-les-travaux-de-reconstruction-du-stade-municipal-de-bamenda\/"},"modified":"2022-03-19T11:22:22","modified_gmt":"2022-03-19T15:22:22","slug":"infrastructures-sportives-460-millions-de-f-pour-achever-les-travaux-de-reconstruction-du-stade-municipal-de-bamenda","status":"publish","type":"post","link":"https:\/\/linitiative.ca\/International\/infrastructures-sportives-460-millions-de-f-pour-achever-les-travaux-de-reconstruction-du-stade-municipal-de-bamenda\/","title":{"rendered":"Infrastructures sportives\u00a0: 460 millions de F pour achever les travaux de reconstruction du stade municipal de Bamenda"},"content":{"rendered":"<div>\n<p>Le 13 mars 2022, lors de la finale de la Coupe du Cameroun remport\u00e9e par PWD de Bamenda, les supporters de cette \u00e9quipe ont interpell\u00e9 Samuel Eto\u2019o, le pr\u00e9sident de la F\u00e9d\u00e9ration camerounaise de football. A travers des pancartes et des banderoles, ces derniers lui ont signifi\u00e9 leur envie de voir la capitale r\u00e9gionale du Nord-Ouest, b\u00e9n\u00e9ficier d\u2019un stade de football aux normes r\u00e9glementaires. Les sollicitations des Abakwa Boys ont \u00e9t\u00e9 entendues non pas, par le pr\u00e9sident de l\u2019instance fa\u00eeti\u00e8re du football camerounais, mais plut\u00f4t par les autorit\u00e9s administratives. En effet, d\u2019apr\u00e8s Adolphe Lele Lafrique, le gouverneur de la r\u00e9gion du Nord-Ouest, cette pr\u00e9occupation \u00e0 fait l\u2019objet d\u2019une r\u00e9union de travail, organis\u00e9e en marge de la finale de la Coupe du Cameroun. Elle \u00e9tait pr\u00e9sid\u00e9e par le Premier ministre, Joseph Dion Ngute. \u00abEn marge de la finale de la Coupe du Cameroun, le Premier ministre a convoqu\u00e9 une s\u00e9ance de travail au cours de laquelle cette question a \u00e9t\u00e9 abord\u00e9e, mais \u00e9galement les questions de routes. Dans les prochains jours ou les prochains mois, une page va \u00eatre tourn\u00e9e pour le Nord-Ouest\u00bb, a d\u00e9clar\u00e9 le gouverneur au micro de nos confr\u00e8res de la Crtv.<\/p>\n<p><strong>Lire aussi :<\/strong> <strong><a href=\"https:\/\/ecomatin.net\/les-chantiers-de-la-can-assures-detre-boucles\/\">CAN Cameroun 2019: les chantiers qui seront financ\u00e9s par l\u2019emprunt obligataire<\/a><\/strong><\/p>\n<p>Ce ne sera pas un tout nouveau stade. Il s\u2019agira pour l\u2019essentiel, de poursuivre les travaux de reconstruction du stade municipal de Bamenda, qui sont \u00e0 l\u2019arr\u00eat depuis 2016, en raison de l\u2019indisponibilit\u00e9 des financements pour la poursuite du chantier,\u00a0 apprend-t-on. Pour ce faire, Prime Potomac, l\u2019entreprise adjudicataire de ce march\u00e9, a besoin de 460 millions de FCFA. \u00abNous avons r\u00e9alis\u00e9 une partie du contrat.\u00a0 On aurait pu finir les travaux,\u00a0 si on n\u2019avait pas eu des probl\u00e8mes de financements. Il reste 460 millions de FCFA pour boucler compl\u00e8tement le stade\u00bb, a d\u00e9clar\u00e9 Ben Modo, PDG de Prime Potomac. Pour m\u00e9moire, la r\u00e9habilitation du stade municipal de Bamenda faisait partie d\u2019un projet global initi\u00e9 par l\u2019ancienne \u00e9quipe dirigeante de la Fecafoot, \u00e0 la t\u00eate de laquelle tr\u00f4nait Tombi A Roko. Ce dernier avait pour objectif de doter chaque capitale r\u00e9gionale d\u2019un stade de football aux normes r\u00e9glementaires. A l\u2019\u00e9poque, le co\u00fbt global des travaux avait \u00e9t\u00e9 fix\u00e9 \u00e0 780 millions de FCFA. L\u2019enceinte devait contenir 2500 spectateurs, avec une pelouse synth\u00e9tique de derni\u00e8re g\u00e9n\u00e9ration. \u00a0<\/p>\n<p><strong>Lire aussi : <a href=\"https:\/\/ecomatin.net\/rajustement-budgetaire-incidences-du-retrait-de-la-can-2019-sur-la-loi-des-finances-2019\/\">Les incidences du retrait de la CAN sur la loi des finances 2019<\/a><\/strong><\/p>\n<p>L\u2019article <a rel=\"nofollow\" href=\"https:\/\/ecomatin.net\/infrastructures-sportives-460-millions-de-f-pour-achever-les-travaux-de-reconstruction-du-stade-municipal-de-bamenda\/\">Infrastructures sportives\u00a0: 460 millions de F pour achever les travaux de reconstruction du stade municipal de Bamenda<\/a> est apparu en premier sur <a rel=\"nofollow\" href=\"https:\/\/ecomatin.net\/\">EcoMatin<\/a>.<\/p>\n<\/div>\n<p>Auteur: Paul Tjeg<br \/>\n<a href=\"https:\/\/ecomatin.net\/infrastructures-sportives-460-millions-de-f-pour-achever-les-travaux-de-reconstruction-du-stade-municipal-de-bamenda\/\">Cliquez ici pour lire l&rsquo;article depuis sa source.<\/a><\/p>\n","protected":false},"excerpt":{"rendered":"<p>Le 13 mars 2022, lors de la finale de la Coupe du Cameroun remport\u00e9e par PWD de Bamenda, les supporters de cette \u00e9quipe ont interpell\u00e9 Samuel Eto\u2019o, le pr\u00e9sident de la F\u00e9d\u00e9ration camerounaise de football. A travers des pancartes et des banderoles, ces derniers lui ont signifi\u00e9 leur envie de voir la capitale r\u00e9gionale du [&hellip;]<\/p>\n","protected":false},"author":1969,"featured_media":0,"comment_status":"closed","ping_status":"closed","sticky":false,"template":"","format":"standard","meta":{"fifu_image_url":"","fifu_image_alt":"","footnotes":""},"categories":[82,78],"tags":[],"class_list":["post-143507","post","type-post","status-publish","format-standard","hentry","category-cameroun","category-economie"],"_links":{"self":[{"href":"https:\/\/linitiative.ca\/International\/wp-json\/wp\/v2\/posts\/143507","targetHints":{"allow":["GET"]}}],"collection":[{"href":"https:\/\/linitiative.ca\/International\/wp-json\/wp\/v2\/posts"}],"about":[{"href":"https:\/\/linitiative.ca\/International\/wp-json\/wp\/v2\/types\/post"}],"author":[{"embeddable":true,"href":"https:\/\/linitiative.ca\/International\/wp-json\/wp\/v2\/users\/1969"}],"replies":[{"embeddable":true,"href":"https:\/\/linitiative.ca\/International\/wp-json\/wp\/v2\/comments?post=143507"}],"version-history":[{"count":0,"href":"https:\/\/linitiative.ca\/International\/wp-json\/wp\/v2\/posts\/143507\/revisions"}],"wp:attachment":[{"href":"https:\/\/linitiative.ca\/International\/wp-json\/wp\/v2\/media?parent=143507"}],"wp:term":[{"taxonomy":"category","embeddable":true,"href":"https:\/\/linitiative.ca\/International\/wp-json\/wp\/v2\/categories?post=143507"},{"taxonomy":"post_tag","embeddable":true,"href":"https:\/\/linitiative.ca\/International\/wp-json\/wp\/v2\/tags?post=143507"}],"curies":[{"name":"wp","href":"https:\/\/api.w.org\/{rel}","templated":true}]}}