{"id":143510,"date":"2022-03-20T09:58:59","date_gmt":"2022-03-20T13:58:59","guid":{"rendered":"https:\/\/linitiative.ca\/International\/un-message-judicieux\/"},"modified":"2022-03-20T09:58:59","modified_gmt":"2022-03-20T13:58:59","slug":"un-message-judicieux","status":"publish","type":"post","link":"https:\/\/linitiative.ca\/International\/un-message-judicieux\/","title":{"rendered":"Un message \u00abjudicieux\u00bb"},"content":{"rendered":"<div>\n<p class=\"has-text-align-center has-vivid-red-color has-text-color\"><strong>Jos\u00e9 Luis Rodriguez Zapatero Zapatero, ancien chef du <\/strong>gouvernement<\/p>\n<p class=\"has-vivid-cyan-blue-color has-text-color\"><strong>Le message adress\u00e9 \u00e0 SM le Roi Mohammed VI par le pr\u00e9sident du gouvernement espagnol, Pedro Sanchez, est \u00ab\u00a0judicieux pour asseoir une relation de confiance et de sinc\u00e9rit\u00e9\u00a0\u00bb entre le Maroc et l\u2019Espagne, a soulign\u00e9, samedi, l\u2019ancien chef du gouvernement espagnol, Jos\u00e9 Luis Rodriguez Zapatero.<\/strong><\/p>\n<p>\u00ab\u00a0Le message adress\u00e9 \u00e0 SM le Roi Mohammed VI a \u00e9t\u00e9 un message judicieux pour asseoir une relation de confiance sur des bases solides, avec une sinc\u00e9rit\u00e9 absolue de la part des deux parties\u00a0\u00bb, a affirm\u00e9 M. Zapatero dans un entretien sp\u00e9cial diffus\u00e9 sur les ondes de \u00ab\u00a0M\u00e9di1 radio\u00a0\u00bb.<\/p>\n<p>Qualifiant de \u00ab\u00a0tr\u00e8s positive\u00a0\u00bb la d\u00e9claration du gouvernement espagnol en faveur du plan marocain d\u2019autonomie au Sahara, M. Zapatero a estim\u00e9 que cette position marque le retour de la \u00ab\u00a0bonne relation et de la confiance entre le Maroc et l\u2019Espagne\u00a0\u00bb.<\/p>\n<p>\u00ab\u00a0La position du gouvernement espagnol sur le plan d\u2019autonomie propos\u00e9 par le Maroc est une position que j\u2019ai d\u00e9fendue depuis 2008, quand j\u2019\u00e9tais le pr\u00e9sident du gouvernement (\u2026) et qui, maintenant, se manifeste \u00e0 nouveau\u00a0\u00bb, a-t-il soutenu, formant le souhait de voir le conflit du Sahara conna\u00eetre \u00ab\u00a0dans un futur proche une solution ou un accord bas\u00e9 sur le plan marocain d\u2019autonomie\u00a0\u00bb. \u00ab\u00a0J\u2019ai toujours pens\u00e9 que la relation avec le Maroc devait se baser sur une confiance, une sinc\u00e9rit\u00e9 et une transparence totales en mati\u00e8re de s\u00e9curit\u00e9, d\u2019int\u00e9grit\u00e9 territoriale ou d\u2019immigration\u00a0\u00bb, a-t-il pr\u00e9cis\u00e9.<\/p>\n<p>M. Zapatero a tenu, par ailleurs, \u00e0 f\u00e9liciter les minist\u00e8res des affaires \u00e9trang\u00e8res du Maroc et de l\u2019Espagne pour ces r\u00e9sultats apr\u00e8s des mois de diplomatie et de travail discret.<\/p>\n<p>Il a mis l\u2019accent sur la n\u00e9cessit\u00e9 pour les deux pays d\u2019avoir une vision tourn\u00e9e vers l\u2019avenir. \u00ab\u00a0Parfois, les crises sont une grande opportunit\u00e9 pour en sortir renforc\u00e9\u00a0\u00bb, a-t-il argu\u00e9. Pour avancer sur la voie d\u2019une relation de confiance, M. Zapatero a estim\u00e9 qu\u2019il est imp\u00e9ratif d\u2019\u0153uvrer dans les domaines de l\u2019\u00e9conomie, de la s\u00e9curit\u00e9 et de la culture.<\/p>\n<p>Mettant en avant les liens culturels et linguistiques dans ces moments d\u2019inqui\u00e9tudes dans le monde, il a qualifi\u00e9 de \u00ab\u00a0tr\u00e8s positive\u00a0\u00bb cette nouvelle position qui a donn\u00e9 un nouvel \u00e9lan \u00e0 la diplomatie et \u00e0 l\u2019amiti\u00e9 ainsi qu\u2019\u00e0 l\u2019entente entre deux pays comme l\u2019Espagne et le Maroc.<\/p>\n<p>L\u2019article <a rel=\"nofollow\" href=\"http:\/\/albayane.press.ma\/un-message-judicieux.html\">Un message \u00abjudicieux\u00bb<\/a> est apparu en premier sur <a rel=\"nofollow\" href=\"http:\/\/albayane.press.ma\/\">ALBAYANE<\/a>.<\/p>\n<\/div>\n<p>Auteur: M&rsquo;hammed rahal<br \/>\n<a href=\"http:\/\/albayane.press.ma\/un-message-judicieux.html\">Cliquez ici pour lire l&rsquo;article depuis sa source.<\/a><\/p>\n","protected":false},"excerpt":{"rendered":"<p>Jos\u00e9 Luis Rodriguez Zapatero Zapatero, ancien chef du gouvernement Le message adress\u00e9 \u00e0 SM le Roi Mohammed VI par le pr\u00e9sident du gouvernement espagnol, Pedro Sanchez, est \u00ab\u00a0judicieux pour asseoir une relation de confiance et de sinc\u00e9rit\u00e9\u00a0\u00bb entre le Maroc et l\u2019Espagne, a soulign\u00e9, samedi, l\u2019ancien chef du gouvernement espagnol, Jos\u00e9 Luis Rodriguez Zapatero. \u00ab\u00a0Le [&hellip;]<\/p>\n","protected":false},"author":1760,"featured_media":0,"comment_status":"closed","ping_status":"closed","sticky":false,"template":"","format":"standard","meta":{"fifu_image_url":"","fifu_image_alt":"","footnotes":""},"categories":[73,54],"tags":[],"class_list":["post-143510","post","type-post","status-publish","format-standard","hentry","category-actualite","category-maroc"],"_links":{"self":[{"href":"https:\/\/linitiative.ca\/International\/wp-json\/wp\/v2\/posts\/143510","targetHints":{"allow":["GET"]}}],"collection":[{"href":"https:\/\/linitiative.ca\/International\/wp-json\/wp\/v2\/posts"}],"about":[{"href":"https:\/\/linitiative.ca\/International\/wp-json\/wp\/v2\/types\/post"}],"author":[{"embeddable":true,"href":"https:\/\/linitiative.ca\/International\/wp-json\/wp\/v2\/users\/1760"}],"replies":[{"embeddable":true,"href":"https:\/\/linitiative.ca\/International\/wp-json\/wp\/v2\/comments?post=143510"}],"version-history":[{"count":0,"href":"https:\/\/linitiative.ca\/International\/wp-json\/wp\/v2\/posts\/143510\/revisions"}],"wp:attachment":[{"href":"https:\/\/linitiative.ca\/International\/wp-json\/wp\/v2\/media?parent=143510"}],"wp:term":[{"taxonomy":"category","embeddable":true,"href":"https:\/\/linitiative.ca\/International\/wp-json\/wp\/v2\/categories?post=143510"},{"taxonomy":"post_tag","embeddable":true,"href":"https:\/\/linitiative.ca\/International\/wp-json\/wp\/v2\/tags?post=143510"}],"curies":[{"name":"wp","href":"https:\/\/api.w.org\/{rel}","templated":true}]}}