{"id":143511,"date":"2022-03-20T10:02:54","date_gmt":"2022-03-20T14:02:54","guid":{"rendered":"https:\/\/linitiative.ca\/International\/une-excellente-nouvelle\/"},"modified":"2022-03-20T10:02:54","modified_gmt":"2022-03-20T14:02:54","slug":"une-excellente-nouvelle","status":"publish","type":"post","link":"https:\/\/linitiative.ca\/International\/une-excellente-nouvelle\/","title":{"rendered":"Une \u00abexcellente nouvelle\u00bb"},"content":{"rendered":"<div>\n<p class=\"has-text-align-center has-vivid-red-color has-text-color\"><strong>Porte-parole du gouvernement espagnol<\/strong><\/p>\n<p class=\"has-vivid-cyan-blue-color has-text-color\"><strong>L\u2019ouverture d\u2019une nouvelle \u00e9tape dans les relations entre l\u2019Espagne et le Maroc est une \u00ab\u00a0excellente nouvelle\u00a0\u00bb, a soulign\u00e9 la porte-parole du gouvernement espagnol, Isabel Rodriguez.<\/strong><\/p>\n<p>\u00ab\u00a0Il faut saluer comme excellente nouvelle l\u2019ouverture de cette nouvelle \u00e9tape dans les relations entre l\u2019Espagne et le Maroc, deux pays voisins unis pas des liens historiques\u00a0\u00bb, a affirm\u00e9 Mme Rodriguez dans un entretien au quotidien \u00ab\u00a0La Razon\u00a0\u00bb, publi\u00e9 dimanche.<\/p>\n<p>Cette nouvelle \u00e9tape \u00ab\u00a0garantit la stabilit\u00e9 n\u00e9cessaire (\u2026) et nous apportera des certitudes, tant sur le plan politique que sur celui de ses effets positifs sur le commerce entre l\u2019Espagne et le Maroc\u00a0\u00bb, a relev\u00e9 la responsable espagnole.<\/p>\n<p>\u00ab Nous avons pris des engagements mutuels et nous les avons respect\u00e9s : parmi eux, l\u2019absence d\u2019actions unilat\u00e9rales et le maintien d\u2019une communication fluide et franche afin de continuer \u00e0 renforcer la gestion des flux migratoires. La cl\u00e9 sera la coop\u00e9ration \u00bb, a-t-elle expliqu\u00e9.<\/p>\n<p>Tout en r\u00e9it\u00e9rant la position de son pays vis-\u00e0-vis de la question du Sahara marocain, Mme Rodriguez a fait observer que l\u2019accord entre les deux pays \u00ab a valeur d\u2019exemple \u00bb, notamment en cette p\u00e9riode de turbulence marqu\u00e9e par la crise ukrainienne.<\/p>\n<p>Dans un Message adress\u00e9 \u00e0 SM le Roi Mohammed VI, le pr\u00e9sident du gouvernement espagnol a soulign\u00e9 que \u00ab\u00a0l\u2019Espagne consid\u00e8re l\u2019Initiative marocaine d\u2019autonomie comme la base la plus s\u00e9rieuse, r\u00e9aliste et cr\u00e9dible pour la r\u00e9solution du diff\u00e9rend\u00a0\u00bb au sujet du Sahara marocain.<\/p>\n<p>Reconnaissant \u201cl\u2019importance de la question du Sahara pour le Maroc\u201d, le chef de l\u2019ex\u00e9cutif espagnol a mis l\u2019accent sur \u201cles efforts s\u00e9rieux et cr\u00e9dibles du Maroc dans le cadre des Nations Unies pour trouver une solution mutuellement acceptable\u201d \u00e0 ce diff\u00e9rend.<\/p>\n<p>L\u2019article <a rel=\"nofollow\" href=\"http:\/\/albayane.press.ma\/une-excellente-nouvelle.html\">Une \u00abexcellente nouvelle\u00bb<\/a> est apparu en premier sur <a rel=\"nofollow\" href=\"http:\/\/albayane.press.ma\/\">ALBAYANE<\/a>.<\/p>\n<\/div>\n<p>Auteur: M&rsquo;hammed rahal<br \/>\n<a href=\"http:\/\/albayane.press.ma\/une-excellente-nouvelle.html\">Cliquez ici pour lire l&rsquo;article depuis sa source.<\/a><\/p>\n","protected":false},"excerpt":{"rendered":"<p>Porte-parole du gouvernement espagnol L\u2019ouverture d\u2019une nouvelle \u00e9tape dans les relations entre l\u2019Espagne et le Maroc est une \u00ab\u00a0excellente nouvelle\u00a0\u00bb, a soulign\u00e9 la porte-parole du gouvernement espagnol, Isabel Rodriguez. \u00ab\u00a0Il faut saluer comme excellente nouvelle l\u2019ouverture de cette nouvelle \u00e9tape dans les relations entre l\u2019Espagne et le Maroc, deux pays voisins unis pas des liens [&hellip;]<\/p>\n","protected":false},"author":1760,"featured_media":0,"comment_status":"closed","ping_status":"closed","sticky":false,"template":"","format":"standard","meta":{"fifu_image_url":"","fifu_image_alt":"","footnotes":""},"categories":[73,54],"tags":[],"class_list":["post-143511","post","type-post","status-publish","format-standard","hentry","category-actualite","category-maroc"],"_links":{"self":[{"href":"https:\/\/linitiative.ca\/International\/wp-json\/wp\/v2\/posts\/143511","targetHints":{"allow":["GET"]}}],"collection":[{"href":"https:\/\/linitiative.ca\/International\/wp-json\/wp\/v2\/posts"}],"about":[{"href":"https:\/\/linitiative.ca\/International\/wp-json\/wp\/v2\/types\/post"}],"author":[{"embeddable":true,"href":"https:\/\/linitiative.ca\/International\/wp-json\/wp\/v2\/users\/1760"}],"replies":[{"embeddable":true,"href":"https:\/\/linitiative.ca\/International\/wp-json\/wp\/v2\/comments?post=143511"}],"version-history":[{"count":0,"href":"https:\/\/linitiative.ca\/International\/wp-json\/wp\/v2\/posts\/143511\/revisions"}],"wp:attachment":[{"href":"https:\/\/linitiative.ca\/International\/wp-json\/wp\/v2\/media?parent=143511"}],"wp:term":[{"taxonomy":"category","embeddable":true,"href":"https:\/\/linitiative.ca\/International\/wp-json\/wp\/v2\/categories?post=143511"},{"taxonomy":"post_tag","embeddable":true,"href":"https:\/\/linitiative.ca\/International\/wp-json\/wp\/v2\/tags?post=143511"}],"curies":[{"name":"wp","href":"https:\/\/api.w.org\/{rel}","templated":true}]}}