{"id":143512,"date":"2022-03-20T10:12:03","date_gmt":"2022-03-20T14:12:03","guid":{"rendered":"https:\/\/linitiative.ca\/International\/pour-des-reponses-pour-la-paix-et-le-developpement\/"},"modified":"2022-03-20T10:12:03","modified_gmt":"2022-03-20T14:12:03","slug":"pour-des-reponses-pour-la-paix-et-le-developpement","status":"publish","type":"post","link":"https:\/\/linitiative.ca\/International\/pour-des-reponses-pour-la-paix-et-le-developpement\/","title":{"rendered":"Pour des r\u00e9ponses pour la paix et le d\u00e9veloppement"},"content":{"rendered":"<div>\n<p class=\"has-text-align-center has-vivid-red-color has-text-color\"><strong>9e Forum mondial de l\u2019Eau \u00e0 Dakar<\/strong><\/p>\n<p class=\"has-vivid-cyan-blue-color has-text-color\"><strong>Le pr\u00e9sident du Conseil mondial de l\u2019eau, Lo\u00efc Fauchon, a \u00e9mis le souhait que le 9\u00e8me Forum mondial de l\u2019Eau, qui s\u2019ouvre lundi \u00e0 Diamniadio, \u00e0 30 km de Dakar, d\u00e9bouche sur des\u00a0\u00bb r\u00e9ponses pour la paix et le d\u00e9veloppement\u00a0\u00bb.<\/strong><\/p>\n<p>Cette rencontre \u00ab\u00a0va mettre en exergue des r\u00e9ponses africaines. C\u2019est cela l\u2019originalit\u00e9 de ce forum organis\u00e9 en terre africaine\u00a0\u00bb, a soulign\u00e9 M. Fauchon au cours d\u2019une conf\u00e9rence de presse tenue, vendredi, \u00e0 Dakar, en pr\u00e9lude du 9e Forum mondial de l\u2019eau (21 au 26 mars) qui se tient sous le th\u00e8me \u00ab\u00a0La s\u00e9curit\u00e9 de l\u2019eau pour la paix et le d\u00e9veloppement\u00a0\u00bb.<\/p>\n<p>\u00ab\u00a0Des propositions tr\u00e8s concr\u00e8tes seront partag\u00e9es lors de cet \u00e9v\u00e9nement mondial, car l\u2019eau est bien universel, un droit humain\u00a0\u00bb, a indiqu\u00e9 le pr\u00e9sident du Conseil mondial de l\u2019eau.<\/p>\n<p>\u00ab\u00a0L\u2019eau est un sujet de culture. Elle a une place dans toutes les cultures, les religions. Elle est essentielle\u00a0\u00bb, a affirm\u00e9 M. Fauchon.<\/p>\n<p>\u00ab\u00a0Cette rencontre diff\u00e8re d\u2019une conf\u00e9rence internationale. Ce qui veut dire que \u00ab\u00a0chacun, physiquement, peut venir participer pour porter ses inqui\u00e9tudes, ses pr\u00e9occupations et les solutions qu\u2019il pr\u00e9conise\u00a0\u00bb, a-t-il dit, ajoutant que plus de 800 organisations dans le monde ont travaill\u00e9 sur les th\u00e9matiques qui seront expos\u00e9es ou synth\u00e9tis\u00e9es \u00e0 cette occasion.<\/p>\n<p>Parlant du th\u00e8me de la rencontre, \u00e0 savoir \u00ab\u00a0La s\u00e9curit\u00e9 de l\u2019eau pour la paix et le d\u00e9veloppement\u00a0\u00bb, M. Fauchon rel\u00e8ve que pour qu\u2019il soit mis fin \u00e0 l\u2019exode rural, \u00ab\u00a0car d\u2019ici 2050, 70 % de la population mondiale seront dans les villes\u00a0\u00bb.<br \/>Le pr\u00e9sident du Conseil mondial de l\u2019Eau a mis en garde, \u00e0 cet \u00e9gard; que si le monde \u00ab\u00a0n\u2019est pas capable de s\u00e9curiser l\u2019eau n\u00e9cessaire \u00e0 la production alimentaire de demain, nous allons passer au travers\u00a0\u00bb.<\/p>\n<p>D\u2019apr\u00e8s Lo\u00efc Fauchon, \u00ab\u00a0la premi\u00e8re priorit\u00e9 reste la s\u00e9curisation de l\u2019eau, la deuxi\u00e8me concerne la production alimentaire et le dernier aspect s\u2019int\u00e9resse \u00e0 la coop\u00e9ration\u00a0\u00bb.<\/p>\n<p>Le Conseil mondial de l\u2019Eau est co-organisateur du 9e Forum mondial de l\u2019Eau avec l\u2019Etat du S\u00e9n\u00e9gal et la Ville de Dakar.<\/p>\n<p>Le 9-eme forum de l\u2019Eau va rassembler, du 21 au 26 mars, des Chefs d\u2019Etat et de gouvernement, des responsables d\u2019institutions internationales, des experts et acteurs du secteur issus de tous les continents.<\/p>\n<p>Tenu au Centre international de conf\u00e9rences Abdou DIOUF (CICAD) \u00e0 Diamniadio, cet \u00e9v\u00e9nement, qui se tient tous les trois ans depuis 1997, rassemble des milliers de participants dont du Maroc, qui sera repr\u00e9sent\u00e9 par une forte d\u00e9l\u00e9gation, conduite par le Ministre de l\u2019Equipement et l\u2019Eau, M. Nizar Baraka.<\/p>\n<p>Le moment fort de ce 9-\u00e8me Forum sera la remise du Grand Prix Mondial Hassan II de l\u2019eau, qui est \u00e0 sa 7-\u00e8me \u00e9dition, lors de la c\u00e9r\u00e9monie d\u2019ouverture.<\/p>\n<p>L\u2019article <a rel=\"nofollow\" href=\"http:\/\/albayane.press.ma\/pour-des-reponses-pour-la-paix-et-le-developpement.html\">Pour des r\u00e9ponses pour la paix et le d\u00e9veloppement<\/a> est apparu en premier sur <a rel=\"nofollow\" href=\"http:\/\/albayane.press.ma\/\">ALBAYANE<\/a>.<\/p>\n<\/div>\n<p>Auteur: M&rsquo;hammed rahal<br \/>\n<a href=\"http:\/\/albayane.press.ma\/pour-des-reponses-pour-la-paix-et-le-developpement.html\">Cliquez ici pour lire l&rsquo;article depuis sa source.<\/a><\/p>\n","protected":false},"excerpt":{"rendered":"<p>9e Forum mondial de l\u2019Eau \u00e0 Dakar Le pr\u00e9sident du Conseil mondial de l\u2019eau, Lo\u00efc Fauchon, a \u00e9mis le souhait que le 9\u00e8me Forum mondial de l\u2019Eau, qui s\u2019ouvre lundi \u00e0 Diamniadio, \u00e0 30 km de Dakar, d\u00e9bouche sur des\u00a0\u00bb r\u00e9ponses pour la paix et le d\u00e9veloppement\u00a0\u00bb. Cette rencontre \u00ab\u00a0va mettre en exergue des r\u00e9ponses [&hellip;]<\/p>\n","protected":false},"author":1760,"featured_media":0,"comment_status":"closed","ping_status":"closed","sticky":false,"template":"","format":"standard","meta":{"fifu_image_url":"","fifu_image_alt":"","footnotes":""},"categories":[73,54],"tags":[],"class_list":["post-143512","post","type-post","status-publish","format-standard","hentry","category-actualite","category-maroc"],"_links":{"self":[{"href":"https:\/\/linitiative.ca\/International\/wp-json\/wp\/v2\/posts\/143512","targetHints":{"allow":["GET"]}}],"collection":[{"href":"https:\/\/linitiative.ca\/International\/wp-json\/wp\/v2\/posts"}],"about":[{"href":"https:\/\/linitiative.ca\/International\/wp-json\/wp\/v2\/types\/post"}],"author":[{"embeddable":true,"href":"https:\/\/linitiative.ca\/International\/wp-json\/wp\/v2\/users\/1760"}],"replies":[{"embeddable":true,"href":"https:\/\/linitiative.ca\/International\/wp-json\/wp\/v2\/comments?post=143512"}],"version-history":[{"count":0,"href":"https:\/\/linitiative.ca\/International\/wp-json\/wp\/v2\/posts\/143512\/revisions"}],"wp:attachment":[{"href":"https:\/\/linitiative.ca\/International\/wp-json\/wp\/v2\/media?parent=143512"}],"wp:term":[{"taxonomy":"category","embeddable":true,"href":"https:\/\/linitiative.ca\/International\/wp-json\/wp\/v2\/categories?post=143512"},{"taxonomy":"post_tag","embeddable":true,"href":"https:\/\/linitiative.ca\/International\/wp-json\/wp\/v2\/tags?post=143512"}],"curies":[{"name":"wp","href":"https:\/\/api.w.org\/{rel}","templated":true}]}}