{"id":143513,"date":"2022-03-20T10:15:56","date_gmt":"2022-03-20T14:15:56","guid":{"rendered":"https:\/\/linitiative.ca\/International\/sahara-marocain-une-evolution-positive-et-un-changement-important\/"},"modified":"2022-03-20T10:15:56","modified_gmt":"2022-03-20T14:15:56","slug":"sahara-marocain-une-evolution-positive-et-un-changement-important","status":"publish","type":"post","link":"https:\/\/linitiative.ca\/International\/sahara-marocain-une-evolution-positive-et-un-changement-important\/","title":{"rendered":"Sahara marocain : \u00abUne \u00e9volution positive et un changement important\u00bb"},"content":{"rendered":"<div>\n<p class=\"has-text-align-center has-vivid-red-color has-text-color\"><strong>Mohamed Nabil Benabdallah, SG du PPS<\/strong><\/p>\n<p class=\"has-pale-cyan-blue-background-color has-background\"><em>Le Secr\u00e9taire g\u00e9n\u00e9ral du Parti du progr\u00e8s et du socialisme a estim\u00e9, dans un message post\u00e9 sur les r\u00e9seaux sociaux, que l\u2019on assiste \u00e0 \u00ab\u00a0une \u00e9volution positive et \u00e0 un changement important de la position de l\u2019Espagne\u00a0\u00bb, en ce qui concerne l\u2019int\u00e9grit\u00e9 territoriale de notre pays.<\/em><\/p>\n<p>Et ce \u00e0 travers sa nouvelle position qui consid\u00e8re l\u2019initiative marocaine d\u2019autonomie comme la base la plus s\u00e9rieuse, r\u00e9aliste et cr\u00e9dible pour r\u00e9soudre le diff\u00e9rend artificiel autour du Sahara marocain.<\/p>\n<p>Nous esp\u00e9rons que cette \u00e9volution constituera un nouveau et solide d\u00e9part pour d\u00e9passer la derni\u00e8re crise entre nos deux pays.<\/p>\n<p>De m\u00eame, nous aspirons que notre voisin du nord \u0153uvrera, dans le cadre de la coop\u00e9ration, la clart\u00e9 et la responsabilit\u00e9, main dans la main avec notre pays, pour construire une nouvelle \u00e9tape bas\u00e9e sur la confiance, la transparence, le bon voisinage et le respect des int\u00e9r\u00eats supr\u00eames et les questions vitales de nos deux pays, en premier lieu notre int\u00e9grit\u00e9 territoriale.<\/p>\n<p>Cela contribuera \u00e0 la prosp\u00e9rit\u00e9 de nos deux pays amis et \u00e0 la consolidation de leur partenariat strat\u00e9gique \u00e0 tous les niveaux.<\/p>\n<p>L\u2019article <a rel=\"nofollow\" href=\"http:\/\/albayane.press.ma\/sahara-marocain-une-evolution-positive-et-un-changement-important.html\">Sahara marocain : \u00abUne \u00e9volution positive et un changement important\u00bb<\/a> est apparu en premier sur <a rel=\"nofollow\" href=\"http:\/\/albayane.press.ma\/\">ALBAYANE<\/a>.<\/p>\n<\/div>\n<p>Auteur: M&rsquo;hammed rahal<br \/>\n<a href=\"http:\/\/albayane.press.ma\/sahara-marocain-une-evolution-positive-et-un-changement-important.html\">Cliquez ici pour lire l&rsquo;article depuis sa source.<\/a><\/p>\n","protected":false},"excerpt":{"rendered":"<p>Mohamed Nabil Benabdallah, SG du PPS Le Secr\u00e9taire g\u00e9n\u00e9ral du Parti du progr\u00e8s et du socialisme a estim\u00e9, dans un message post\u00e9 sur les r\u00e9seaux sociaux, que l\u2019on assiste \u00e0 \u00ab\u00a0une \u00e9volution positive et \u00e0 un changement important de la position de l\u2019Espagne\u00a0\u00bb, en ce qui concerne l\u2019int\u00e9grit\u00e9 territoriale de notre pays. Et ce \u00e0 [&hellip;]<\/p>\n","protected":false},"author":1760,"featured_media":0,"comment_status":"closed","ping_status":"closed","sticky":false,"template":"","format":"standard","meta":{"fifu_image_url":"","fifu_image_alt":"","footnotes":""},"categories":[73,54],"tags":[],"class_list":["post-143513","post","type-post","status-publish","format-standard","hentry","category-actualite","category-maroc"],"_links":{"self":[{"href":"https:\/\/linitiative.ca\/International\/wp-json\/wp\/v2\/posts\/143513","targetHints":{"allow":["GET"]}}],"collection":[{"href":"https:\/\/linitiative.ca\/International\/wp-json\/wp\/v2\/posts"}],"about":[{"href":"https:\/\/linitiative.ca\/International\/wp-json\/wp\/v2\/types\/post"}],"author":[{"embeddable":true,"href":"https:\/\/linitiative.ca\/International\/wp-json\/wp\/v2\/users\/1760"}],"replies":[{"embeddable":true,"href":"https:\/\/linitiative.ca\/International\/wp-json\/wp\/v2\/comments?post=143513"}],"version-history":[{"count":0,"href":"https:\/\/linitiative.ca\/International\/wp-json\/wp\/v2\/posts\/143513\/revisions"}],"wp:attachment":[{"href":"https:\/\/linitiative.ca\/International\/wp-json\/wp\/v2\/media?parent=143513"}],"wp:term":[{"taxonomy":"category","embeddable":true,"href":"https:\/\/linitiative.ca\/International\/wp-json\/wp\/v2\/categories?post=143513"},{"taxonomy":"post_tag","embeddable":true,"href":"https:\/\/linitiative.ca\/International\/wp-json\/wp\/v2\/tags?post=143513"}],"curies":[{"name":"wp","href":"https:\/\/api.w.org\/{rel}","templated":true}]}}