{"id":143514,"date":"2022-03-20T10:19:44","date_gmt":"2022-03-20T14:19:44","guid":{"rendered":"https:\/\/linitiative.ca\/International\/lespagne-considere-linitiative-marocaine-dautonomie-comme-la-base-la-plus-serieuse-realiste-et-credible\/"},"modified":"2022-03-20T10:19:44","modified_gmt":"2022-03-20T14:19:44","slug":"lespagne-considere-linitiative-marocaine-dautonomie-comme-la-base-la-plus-serieuse-realiste-et-credible","status":"publish","type":"post","link":"https:\/\/linitiative.ca\/International\/lespagne-considere-linitiative-marocaine-dautonomie-comme-la-base-la-plus-serieuse-realiste-et-credible\/","title":{"rendered":"\u00abL\u2019Espagne consid\u00e8re l\u2019initiative marocaine d\u2019autonomie comme la base la plus s\u00e9rieuse, r\u00e9aliste et cr\u00e9dible\u00bb"},"content":{"rendered":"<div>\n<p class=\"has-text-align-center has-vivid-red-color has-text-color\"><strong>Sahara Marocain<\/strong><\/p>\n<p class=\"has-vivid-red-color has-text-color\"><strong><em><u>Communiqu\u00e9 du Cabinet Royal<\/u><\/em><\/strong> : <\/p>\n<p class=\"has-pale-cyan-blue-background-color has-background\"><strong>Dans un Message adress\u00e9 \u00e0 Sa Majest\u00e9 le Roi Mohammed VI, Que Dieu L\u2019assiste, le Pr\u00e9sident du Gouvernement espagnol, S.E.M. Pedro S\u00e1nchez, a soulign\u00e9 qu\u2019il \u00ab\u00a0reconna\u00eet l\u2019importance de la question du Sahara pour le Maroc\u00a0\u00bb. A ce titre, \u00ab\u00a0l\u2019Espagne consid\u00e8re l\u2019initiative marocaine d\u2019autonomie, pr\u00e9sent\u00e9e en 2007, comme la base la plus s\u00e9rieuse, r\u00e9aliste et cr\u00e9dible pour la r\u00e9solution du diff\u00e9rend\u00a0\u00bb.<\/strong><\/p>\n<p>Il a, \u00e9galement, soulign\u00e9 \u00ab\u00a0les efforts s\u00e9rieux et cr\u00e9dibles du Maroc dans le cadre des Nations Unies pour trouver une solution mutuellement acceptable\u00a0\u00bb.<\/p>\n<p>Dans son message au Souverain, le Pr\u00e9sident du Gouvernement espagnol a, en outre, mis en exergue que les \u00ab\u00a0deux pays sont unis inextricablement par des affections, une histoire, une g\u00e9ographie, des int\u00e9r\u00eats et une amiti\u00e9 partag\u00e9e\u00a0\u00bb. M. S\u00e1nchez s\u2019est dit \u00ab\u00a0convaincu que les destins des deux peuples le sont aussi\u00a0\u00bb et que \u00ab\u00a0la prosp\u00e9rit\u00e9 du Maroc est li\u00e9e \u00e0 celle de l\u2019Espagne, et inversement\u00a0\u00bb.<\/p>\n<p>\u00ab\u00a0Notre objectif est de construire une nouvelle relation, bas\u00e9e sur la transparence et la communication permanente, le respect mutuel et les accords sign\u00e9s par les deux parties et l\u2019abstention de toute action unilat\u00e9rale, \u00e0 la hauteur de l\u2019importance de tout ce que nous partageons\u00a0\u00bb, a affirm\u00e9 le Pr\u00e9sident du Gouvernement espagnol dans son message au Souverain.<\/p>\n<p>Dans ce contexte, \u00ab\u00a0l\u2019Espagne agira avec la transparence absolue qui correspond \u00e0 un grand ami et alli\u00e9\u00a0\u00bb. \u00ab\u00a0Je vous assure que l\u2019Espagne tiendra toujours ses engagements et sa parole\u00a0\u00bb, a ajout\u00e9 S.E.M. Pedro S\u00e1nchez.<\/p>\n<p>Par ailleurs, dans ce message \u00e0 Sa Majest\u00e9 le Roi Mohammed VI, Que Dieu L\u2019assiste, le Pr\u00e9sident du Gouvernement d\u2019Espagne a r\u00e9it\u00e9r\u00e9 sa \u00ab\u00a0d\u00e9termination \u00e0 relever ensemble les d\u00e9fis communs, notamment la coop\u00e9ration pour la gestion des flux migratoires dans la M\u00e9diterran\u00e9e et l\u2019Atlantique, en agissant toujours dans un esprit de pleine coop\u00e9ration\u00a0\u00bb.<\/p>\n<p>\u00ab\u00a0Toutes ces actions seront entreprises dans le but de garantir la stabilit\u00e9 et l\u2019int\u00e9grit\u00e9 territoriale des deux pays\u00a0\u00bb, a conclu le Pr\u00e9sident du Gouvernement d\u2019Espagne, S.E.M. Pedro S\u00e1nchez, dans son message au Souverain.<\/p>\n<p>L\u2019article <a rel=\"nofollow\" href=\"http:\/\/albayane.press.ma\/lespagne-considere-linitiative-marocaine-dautonomie-comme-la-base-la-plus-serieuse-realiste-et-credible.html\">\u00abL\u2019Espagne consid\u00e8re l\u2019initiative marocaine d\u2019autonomie comme la base la plus s\u00e9rieuse, r\u00e9aliste et cr\u00e9dible\u00bb<\/a> est apparu en premier sur <a rel=\"nofollow\" href=\"http:\/\/albayane.press.ma\/\">ALBAYANE<\/a>.<\/p>\n<\/div>\n<p>Auteur: M&rsquo;hammed rahal<br \/>\n<a href=\"http:\/\/albayane.press.ma\/lespagne-considere-linitiative-marocaine-dautonomie-comme-la-base-la-plus-serieuse-realiste-et-credible.html\">Cliquez ici pour lire l&rsquo;article depuis sa source.<\/a><\/p>\n","protected":false},"excerpt":{"rendered":"<p>Sahara Marocain Communiqu\u00e9 du Cabinet Royal : Dans un Message adress\u00e9 \u00e0 Sa Majest\u00e9 le Roi Mohammed VI, Que Dieu L\u2019assiste, le Pr\u00e9sident du Gouvernement espagnol, S.E.M. Pedro S\u00e1nchez, a soulign\u00e9 qu\u2019il \u00ab\u00a0reconna\u00eet l\u2019importance de la question du Sahara pour le Maroc\u00a0\u00bb. A ce titre, \u00ab\u00a0l\u2019Espagne consid\u00e8re l\u2019initiative marocaine d\u2019autonomie, pr\u00e9sent\u00e9e en 2007, comme la [&hellip;]<\/p>\n","protected":false},"author":1760,"featured_media":0,"comment_status":"closed","ping_status":"closed","sticky":false,"template":"","format":"standard","meta":{"fifu_image_url":"","fifu_image_alt":"","footnotes":""},"categories":[73,54],"tags":[],"class_list":["post-143514","post","type-post","status-publish","format-standard","hentry","category-actualite","category-maroc"],"_links":{"self":[{"href":"https:\/\/linitiative.ca\/International\/wp-json\/wp\/v2\/posts\/143514","targetHints":{"allow":["GET"]}}],"collection":[{"href":"https:\/\/linitiative.ca\/International\/wp-json\/wp\/v2\/posts"}],"about":[{"href":"https:\/\/linitiative.ca\/International\/wp-json\/wp\/v2\/types\/post"}],"author":[{"embeddable":true,"href":"https:\/\/linitiative.ca\/International\/wp-json\/wp\/v2\/users\/1760"}],"replies":[{"embeddable":true,"href":"https:\/\/linitiative.ca\/International\/wp-json\/wp\/v2\/comments?post=143514"}],"version-history":[{"count":0,"href":"https:\/\/linitiative.ca\/International\/wp-json\/wp\/v2\/posts\/143514\/revisions"}],"wp:attachment":[{"href":"https:\/\/linitiative.ca\/International\/wp-json\/wp\/v2\/media?parent=143514"}],"wp:term":[{"taxonomy":"category","embeddable":true,"href":"https:\/\/linitiative.ca\/International\/wp-json\/wp\/v2\/categories?post=143514"},{"taxonomy":"post_tag","embeddable":true,"href":"https:\/\/linitiative.ca\/International\/wp-json\/wp\/v2\/tags?post=143514"}],"curies":[{"name":"wp","href":"https:\/\/api.w.org\/{rel}","templated":true}]}}