{"id":143516,"date":"2022-03-20T08:28:00","date_gmt":"2022-03-20T12:28:00","guid":{"rendered":"https:\/\/linitiative.ca\/International\/athletisme-yulimar-rojas-ameliore-son-record-du-monde-du-triple-saut-1574-m\/"},"modified":"2022-03-20T08:28:00","modified_gmt":"2022-03-20T12:28:00","slug":"athletisme-yulimar-rojas-ameliore-son-record-du-monde-du-triple-saut-1574-m","status":"publish","type":"post","link":"https:\/\/linitiative.ca\/International\/athletisme-yulimar-rojas-ameliore-son-record-du-monde-du-triple-saut-1574-m\/","title":{"rendered":"Athl\u00e9tisme: Yulimar Rojas am\u00e9liore son record du monde du triple saut  (15,74 m)"},"content":{"rendered":"<div>La V\u00e9n\u00e9zu\u00e9lienne Yulimar Rojas a am\u00e9lior\u00e9 dimanche \u00e0 Belgrade son record du monde du triple saut en effectuant un bond \u00e0 15,74 m, s&rsquo;offrant un 3e titre mondial en salle.<\/div>\n<p>Auteur:<br \/>\n<a href=\"https:\/\/www.liberte-algerie.com\/sports\/athletisme-yulimar-rojas-ameliore-son-record-du-monde-du-triple-saut-15-74-m-375188\">Cliquez ici pour lire l&rsquo;article depuis sa source.<\/a><\/p>\n","protected":false},"excerpt":{"rendered":"<p>La V\u00e9n\u00e9zu\u00e9lienne Yulimar Rojas a am\u00e9lior\u00e9 dimanche \u00e0 Belgrade son record du monde du triple saut en effectuant un bond \u00e0 15,74 m, s&rsquo;offrant un 3e titre mondial en salle. Auteur: Cliquez ici pour lire l&rsquo;article depuis sa source.<\/p>\n","protected":false},"author":1742,"featured_media":0,"comment_status":"closed","ping_status":"closed","sticky":false,"template":"","format":"standard","meta":{"fifu_image_url":"","fifu_image_alt":"","footnotes":""},"categories":[73,53],"tags":[],"class_list":["post-143516","post","type-post","status-publish","format-standard","hentry","category-actualite","category-algerie"],"_links":{"self":[{"href":"https:\/\/linitiative.ca\/International\/wp-json\/wp\/v2\/posts\/143516","targetHints":{"allow":["GET"]}}],"collection":[{"href":"https:\/\/linitiative.ca\/International\/wp-json\/wp\/v2\/posts"}],"about":[{"href":"https:\/\/linitiative.ca\/International\/wp-json\/wp\/v2\/types\/post"}],"author":[{"embeddable":true,"href":"https:\/\/linitiative.ca\/International\/wp-json\/wp\/v2\/users\/1742"}],"replies":[{"embeddable":true,"href":"https:\/\/linitiative.ca\/International\/wp-json\/wp\/v2\/comments?post=143516"}],"version-history":[{"count":0,"href":"https:\/\/linitiative.ca\/International\/wp-json\/wp\/v2\/posts\/143516\/revisions"}],"wp:attachment":[{"href":"https:\/\/linitiative.ca\/International\/wp-json\/wp\/v2\/media?parent=143516"}],"wp:term":[{"taxonomy":"category","embeddable":true,"href":"https:\/\/linitiative.ca\/International\/wp-json\/wp\/v2\/categories?post=143516"},{"taxonomy":"post_tag","embeddable":true,"href":"https:\/\/linitiative.ca\/International\/wp-json\/wp\/v2\/tags?post=143516"}],"curies":[{"name":"wp","href":"https:\/\/api.w.org\/{rel}","templated":true}]}}