{"id":143517,"date":"2022-03-20T08:24:46","date_gmt":"2022-03-20T12:24:46","guid":{"rendered":"https:\/\/linitiative.ca\/International\/tmm-un-incandescent-hommage-a-des-marocains-de-la-diaspora\/"},"modified":"2022-03-20T08:24:46","modified_gmt":"2022-03-20T12:24:46","slug":"tmm-un-incandescent-hommage-a-des-marocains-de-la-diaspora","status":"publish","type":"post","link":"https:\/\/linitiative.ca\/International\/tmm-un-incandescent-hommage-a-des-marocains-de-la-diaspora\/","title":{"rendered":"TMM: Un incandescent hommage \u00e0 des Marocains de la diaspora"},"content":{"rendered":"<div>\n<div style=\"margin-bottom:20px;\"><img loading=\"lazy\" decoding=\"async\" width=\"750\" height=\"430\" src=\"https:\/\/linitiative.ca\/International\/wp-content\/uploads\/sites\/23\/2022\/03\/TMM-remise-prix.jpg\" class=\"attachment-post-thumbnail size-post-thumbnail wp-post-image\" alt=\"\" srcset=\"https:\/\/linitiative.ca\/International\/wp-content\/uploads\/sites\/23\/2022\/03\/TMM-remise-prix.jpg 750w, https:\/\/www.mapmarrakech.ma\/map\/uploads\/2022\/03\/TMM-remise-prix-300x172.jpg 300w\" sizes=\"auto, (max-width: 750px) 100vw, 750px\"><\/div>\n<p>Initi\u00e9 par \u00ab\u00a0Bled Magazine\u00a0\u00bb (BM), Magazine d\u2019ici et d\u2019ailleurs et la Fondation Troph\u00e9es Marocains du Monde, cet \u00e9v\u00e9nement \u00e9clectique et riche en couleurs, se propose de mettre en avant les parcours exceptionnels des Marocains \u00e9tablis \u00e0 l\u2019\u00e9tranger et qui se sont forg\u00e9 une place de choix dans leurs pays d\u2019accueil respectifs, en r\u00e9ussissant \u00e0 occuper des postes de responsabilit\u00e9 ou encore, \u00e0 r\u00e9aliser des succ\u00e8s reluisants dans leur vie professionnelle, tout en ayant en commun cette possibilit\u00e9 de fournir l\u2019exemple d\u2019une meilleure int\u00e9gration sociale et de servir ainsi, de v\u00e9ritables ambassadeurs du Maroc \u00e0 travers les quatre coins du Globe.<\/p>\n<p>Dans le cadre de cette nouvelle \u00e9dition, post-Covid-19, il a \u00e9t\u00e9 proc\u00e9d\u00e9 \u00e0 la s\u00e9lection de 18 nomin\u00e9s parmi les membres de la Communaut\u00e9 Marocaine \u00e9tablie \u00e0 l\u2019Etranger, \u00e0 raison de trois candidats dans chacune des six cat\u00e9gories \u00e0 savoir : \u00ab\u00a0Art et Culture\u00a0\u00bb, \u00ab\u00a0Sport\u00a0\u00bb, \u00ab\u00a0Entreprise\u00a0\u00bb, \u00ab\u00a0Politique\u00a0\u00bb, \u00ab\u00a0Soci\u00e9t\u00e9 Civile\u00a0\u00bb et \u00ab\u00a0Recherche Scientifique\u00a0\u00bb.<\/p>\n<p>Il s\u2019agit de candidats en lice pour les Troph\u00e9es Marocains du Monde (TMM) issus de France, de Belgique, des Pays- Bas, d\u2019Allemagne, d\u2019Espagne, des USA, d\u2019Isra\u00ebl et du Royaume-Uni.<\/p>\n<p>Quant au Jury de cette nouvelle \u00e9dition, il a \u00e9t\u00e9 pr\u00e9sid\u00e9 par M. Driss El Yazami, pr\u00e9sident du Conseil du la Communaut\u00e9 Marocaine \u00e0 l\u2019Etranger (CCME), et est compos\u00e9 de M. Monsef Benkirane, virologue et pr\u00e9sident du comit\u00e9 scientifique 2 de l\u2019Agence nationale de Recherche sur le Sida (ANRS), Mme Souad Talsi, acteur associatif et fondatrice de l\u2019association Al Hasanya \u00e0 Londres, Mme Amale Daoud, R\u00e9dactrice en chef de BM Magazine, et Mohamed Metalsi, ex-directeur des actions culturelles de l\u2019Institut du Monde Arabe \u00e0 Paris.<\/p>\n<p>L\u2019un des moments forts de cette nouvelle \u00e9dition a \u00e9t\u00e9 le vibrant hommage rendu au grand chercheur Moncef Slaoui pour son apport plan\u00e9taire \u00e0 la d\u00e9couverte du vaccin contre le coronavirus.<\/p>\n<p>De m\u00eame, l\u2019assistance a \u00e9t\u00e9 convi\u00e9e \u00e0 appr\u00e9cier un floril\u00e8ge de chansons interpr\u00e9t\u00e9es par Neta Elkayam qui a pris part \u00e0 cette c\u00e9r\u00e9monie, le temps de repr\u00e9senter, comme il se doit, l\u2019h\u00e9ritage de la musique jud\u00e9o-marocaine. Une occasion aussi pour TMM de rendre hommage \u00e0 ce pan important de l\u2019histoire culturelle du Maroc.<\/p>\n<p>Par ailleurs, dans la cat\u00e9gorie \u00ab\u00a0Art et Culture\u00a0\u00bb, le Troph\u00e9e a \u00e9t\u00e9 remport\u00e9 par Sidi Larbi Cherkaoui, tandis que dans la cat\u00e9gorie \u00ab\u00a0Entreprise\u00a0\u00bb, le Jury a attribu\u00e9 le Troph\u00e9e \u00e0 M. Jalil Benabdellah.<\/p>\n<p>Pour ce qui est de la cat\u00e9gorie \u00ab\u00a0Politique\u00a0\u00bb, le Troph\u00e9e a \u00e9t\u00e9 d\u00e9cern\u00e9 \u00e0 Mounir Satouri, alors que M. Mohamed El Bachiri a \u00e9t\u00e9 prim\u00e9 dans la cat\u00e9gorie \u00ab\u00a0Soci\u00e9t\u00e9 Civile\u00a0\u00bb en recevant le Troph\u00e9e de cette cat\u00e9gorie des mains de M. Khalil Hachimi Idrissi, Directeur G\u00e9n\u00e9ral de la MAP.<\/p>\n<p>Quant au Troph\u00e9e dans la cat\u00e9gorie \u00ab\u00a0Recherche Scientifique\u00a0\u00bb, il est revenu \u00e0 Mme Samira Fafi, alors que dans la cat\u00e9gorie \u00ab\u00a0Sport\u00a0\u00bb, la distinction est revenue \u00e0 Amira Tahiri.<\/p>\n<p>Dans une d\u00e9claration \u00e0 M24, la chaine t\u00e9l\u00e9vis\u00e9e de l\u2019information en continu de la MAP, M. Moncef Slaoui, s\u2019est dit heureux et impressionn\u00e9 de recevoir ce troph\u00e9e, faisant savoir que l\u2019id\u00e9e des TMM est fort remarquable, et que cet \u00e9v\u00e9nement est de nature \u00e0 rassembler et \u00e0 faciliter la rencontre entre les Marocains du Monde, ceux qui ont utilis\u00e9 leur diversit\u00e9 et leur diff\u00e9rence pour r\u00e9ussir.<\/p>\n<p>\u00ab\u00a0La diversit\u00e9 et le moteur du progr\u00e8s et de l\u2019\u00e9volution. Je pense que r\u00e9compenser les personnes et reconnaitre leur diff\u00e9rence tout en leur permettant de rester en contact avec leurs racines et leurs origines, est une chose formidable\u00a0\u00bb, a-t-il dit, mettant en avant la contribution, de diff\u00e9rentes mani\u00e8res et selon leurs domaines d\u2019activit\u00e9s, des MRE au d\u00e9veloppement socio-\u00e9conomique du Royaume.<\/p>\n<p>De son c\u00f4t\u00e9, M. Amine Saad, fondateur de TMM et directeur de publication de \u00ab\u00a0Bled Magazine\u00a0\u00bb s\u2019est f\u00e9licit\u00e9 de l\u2019organisation de cette nouvelle \u00e9dition apr\u00e8s deux ans de rupture \u00e0 cause de la pand\u00e9mie du nouveau coronavirus, relevant que l\u2019objectif est de rendre hommage aux Marocains du Monde en Europe, aux USA, en Asie et en Afrique.<\/p>\n<p>\u00ab\u00a0Il s\u2019agit de les honorer ici dans leur pays d\u2019origine, le Maroc\u00a0\u00bb, a-t-il dit, faisant savoir que la finalit\u00e9 est donc de mettre la lumi\u00e8re sur des profils m\u00e9connus ou peu connus et aussi de mettre sur pied un r\u00e9seau des MRE de mani\u00e8re \u00e0 faciliter les \u00e9changes entre eux et \u00e0 \u00e9tablir et consolider les liens avec le pays d\u2019origine.<\/p>\n<p>Pour sa part, la chanteuse Neta Elkayam, a fait part de sa grande joie d\u2019\u00eatre pr\u00e9sente \u00e0 cet \u00e9v\u00e9nement, se disant tr\u00e8s fi\u00e8re et tr\u00e8s honor\u00e9e d\u2019\u00eatre au Maroc, pays si cher \u00e0 son coeur.<\/p>\n<p>\u00ab\u00a0J\u2019aime le Maroc, ce pays formidable qui nous a toujours accueilli et nous permet de garder le contact avec nos racines et nos origines\u00a0\u00bb, a-t-elle dit.<\/p>\n<p>Par la m\u00eame occasion, elle a fait part de sa profonde reconnaissance \u00e0 l\u2019ensemble des artistes marocains qui l\u2019ont inspir\u00e9 tout au long de son parcours artistique, \u00e0 l\u2019instar de Zahra El Fassiya, Salim El Hellali, Sami Al Maghribi, Raymond El Bidaouia et autres.<\/p>\n<p>A noter qu\u2019une conf\u00e9rence-d\u00e9bat autour du th\u00e8me \u00ab\u00a0Marocains du Monde entre int\u00e9gration et discrimination\u00a0\u00bb a \u00e9t\u00e9 organis\u00e9e auparavant dans le cadre de cette \u00e9dition, occasion pour plusieurs Marocains du Monde, ayant r\u00e9ussi leurs vies professionnelles \u00e0 l\u2019\u00e9tranger, de pouvoir d\u00e9battre de leurs exp\u00e9riences.<\/p>\n<p>Mettant en relief la contribution remarquable des membres de la communaut\u00e9 marocaine \u00e9tablis \u00e0 l\u2019\u00e9tranger dans leurs pays d\u2019accueil et leurs parcours exceptionnels menant \u00e0 des postes d\u2019influence en politique, en \u00e9conomie et finances, en soci\u00e9t\u00e9 et dans la formation scientifique et universitaire\u2026, les intervenants ont pass\u00e9 en revue les discriminations ou obstacles, auxquels font face les citoyens d\u2019origine marocaine au cours de leur parcours, particuli\u00e8rement de leur vie professionnelle.<\/p>\n<p>L\u2019\u00e9v\u00e9nement \u00ab\u00a0Troph\u00e9es Marocains du Monde\u00a0\u00bb est n\u00e9 de la volont\u00e9 de mettre en avant des Marocains du Monde aux parcours exceptionnels qui repr\u00e9sentent de v\u00e9ritables mod\u00e8les de r\u00e9ussite aussi bien au sein des pays d\u2019accueil que pour le Maroc, pays de leur origine.<\/p>\n<p>The post <a rel=\"nofollow\" href=\"https:\/\/www.mapmarrakech.ma\/fr\/tmm-un-incandescent-hommage-a-des-marocains-de-la-diaspora\/\">TMM: Un incandescent hommage \u00e0 des Marocains de la diaspora<\/a> appeared first on <a rel=\"nofollow\" href=\"https:\/\/www.mapmarrakech.ma\/fr\">MapMarrakech<\/a>.<\/p>\n<\/div>\n<p>Auteur: Mohammed KOURSI<br \/>\n<a href=\"https:\/\/www.mapmarrakech.ma\/fr\/tmm-un-incandescent-hommage-a-des-marocains-de-la-diaspora\/\">Cliquez ici pour lire l&rsquo;article depuis sa source.<\/a><\/p>\n","protected":false},"excerpt":{"rendered":"<p>Initi\u00e9 par \u00ab\u00a0Bled Magazine\u00a0\u00bb (BM), Magazine d\u2019ici et d\u2019ailleurs et la Fondation Troph\u00e9es Marocains du Monde, cet \u00e9v\u00e9nement \u00e9clectique et riche en couleurs, se propose de mettre en avant les parcours exceptionnels des Marocains \u00e9tablis \u00e0 l\u2019\u00e9tranger et qui se sont forg\u00e9 une place de choix dans leurs pays d\u2019accueil respectifs, en r\u00e9ussissant \u00e0 occuper [&hellip;]<\/p>\n","protected":false},"author":1788,"featured_media":0,"comment_status":"closed","ping_status":"closed","sticky":false,"template":"","format":"standard","meta":{"fifu_image_url":"https:\/\/www.mapmarrakech.ma\/map\/uploads\/2022\/03\/TMM-remise-prix.jpg","fifu_image_alt":"TMM: Un incandescent hommage \u00e0 des Marocains de la diaspora","footnotes":""},"categories":[54,76],"tags":[],"class_list":["post-143517","post","type-post","status-publish","format-standard","hentry","category-maroc","category-regions"],"_links":{"self":[{"href":"https:\/\/linitiative.ca\/International\/wp-json\/wp\/v2\/posts\/143517","targetHints":{"allow":["GET"]}}],"collection":[{"href":"https:\/\/linitiative.ca\/International\/wp-json\/wp\/v2\/posts"}],"about":[{"href":"https:\/\/linitiative.ca\/International\/wp-json\/wp\/v2\/types\/post"}],"author":[{"embeddable":true,"href":"https:\/\/linitiative.ca\/International\/wp-json\/wp\/v2\/users\/1788"}],"replies":[{"embeddable":true,"href":"https:\/\/linitiative.ca\/International\/wp-json\/wp\/v2\/comments?post=143517"}],"version-history":[{"count":0,"href":"https:\/\/linitiative.ca\/International\/wp-json\/wp\/v2\/posts\/143517\/revisions"}],"wp:attachment":[{"href":"https:\/\/linitiative.ca\/International\/wp-json\/wp\/v2\/media?parent=143517"}],"wp:term":[{"taxonomy":"category","embeddable":true,"href":"https:\/\/linitiative.ca\/International\/wp-json\/wp\/v2\/categories?post=143517"},{"taxonomy":"post_tag","embeddable":true,"href":"https:\/\/linitiative.ca\/International\/wp-json\/wp\/v2\/tags?post=143517"}],"curies":[{"name":"wp","href":"https:\/\/api.w.org\/{rel}","templated":true}]}}