{"id":143519,"date":"2022-03-20T12:03:27","date_gmt":"2022-03-20T16:03:27","guid":{"rendered":"https:\/\/linitiative.ca\/International\/la-position-de-lespagne-oeuvrera-pour-un-avenir-plus-prometteur\/"},"modified":"2022-03-20T12:03:27","modified_gmt":"2022-03-20T16:03:27","slug":"la-position-de-lespagne-oeuvrera-pour-un-avenir-plus-prometteur","status":"publish","type":"post","link":"https:\/\/linitiative.ca\/International\/la-position-de-lespagne-oeuvrera-pour-un-avenir-plus-prometteur\/","title":{"rendered":"La position de l\u2019Espagne \u0153uvrera pour un avenir plus prometteur"},"content":{"rendered":"<div>\n<div style=\"margin-bottom:20px;\"><img loading=\"lazy\" decoding=\"async\" width=\"750\" height=\"430\" src=\"https:\/\/linitiative.ca\/International\/wp-content\/uploads\/sites\/23\/2022\/03\/belgourch.jpg\" class=\"attachment-post-thumbnail size-post-thumbnail wp-post-image\" alt=\"\" srcset=\"https:\/\/linitiative.ca\/International\/wp-content\/uploads\/sites\/23\/2022\/03\/belgourch.jpg 750w, https:\/\/www.mapmarrakech.ma\/map\/uploads\/2022\/03\/belgourch-300x172.jpg 300w\" sizes=\"auto, (max-width: 750px) 100vw, 750px\"><\/div>\n<p>\u00ab\u00a0Cette position dor\u00e9navant affirm\u00e9e par l\u2019Espagne constitue une attitude responsable et solidaire avec la cause nationale du Royaume et contribuera \u00e0 fermer la parenth\u00e8se de la brouille diplomatique survenue par le pass\u00e9 entre les deux pays voisins\u00a0\u00bb, a relev\u00e9 cet universitaire dans une d\u00e9claration \u00e0 la MAP.<\/p>\n<p>\u00ab\u00a0Cette position espagnole est une d\u00e9cision encourageante pour les relations diplomatiques, \u00e9conomiques ou encore s\u00e9curitaires entre les deux pays, car l\u2019Espagne est un pays qui compte pour le Royaume et le Maroc compte tout autant pour l\u2019Espagne\u00a0\u00bb, a-t-il ajout\u00e9.<\/p>\n<p>Et de poursuivre que la densit\u00e9 des \u00e9changes \u00e9conomiques doit \u00eatre \u00e9quivalente \u00e0 celle des \u00e9changes politiques, tout en s\u2019inscrivant dans une relation de franchise et de transparence, de respect mutuel des int\u00e9r\u00eats et de coop\u00e9ration profitable aux deux pays.<\/p>\n<p>Dans une lettre adress\u00e9e \u00e0 Sa Majest\u00e9 le Roi Mohammed VI, le Pr\u00e9sident du Gouvernement espagnol, M. Pedro Sanchez, assure que\u00a0l\u2019Espagne consid\u00e8re l\u2019initiative marocaine d\u2019autonomie, pr\u00e9sent\u00e9e en 2007, comme la base la plus s\u00e9rieuse, r\u00e9aliste et cr\u00e9dible pour la r\u00e9solution du diff\u00e9rend, tout en soulignant qu\u2019il \u00ab\u00a0reconnait l\u2019importance de la question du Sahara pour le Maroc\u00a0\u00bb.<\/p>\n<p>Dans cette lettre, M. Pedro Sanchez rappelle ainsi la primaut\u00e9 du plan d\u2019autonomie pour r\u00e9soudre le conflit du Sahara marocain.<\/p>\n<p>The post <a rel=\"nofollow\" href=\"https:\/\/www.mapmarrakech.ma\/fr\/la-position-de-lespagne-oeuvrera-pour-un-avenir-plus-prometteur\/\">La position de l\u2019Espagne \u0153uvrera pour un avenir plus prometteur<\/a> appeared first on <a rel=\"nofollow\" href=\"https:\/\/www.mapmarrakech.ma\/fr\">MapMarrakech<\/a>.<\/p>\n<\/div>\n<p>Auteur: Mohammed KOURSI<br \/>\n<a href=\"https:\/\/www.mapmarrakech.ma\/fr\/la-position-de-lespagne-oeuvrera-pour-un-avenir-plus-prometteur\/\">Cliquez ici pour lire l&rsquo;article depuis sa source.<\/a><\/p>\n","protected":false},"excerpt":{"rendered":"<p>\u00ab\u00a0Cette position dor\u00e9navant affirm\u00e9e par l\u2019Espagne constitue une attitude responsable et solidaire avec la cause nationale du Royaume et contribuera \u00e0 fermer la parenth\u00e8se de la brouille diplomatique survenue par le pass\u00e9 entre les deux pays voisins\u00a0\u00bb, a relev\u00e9 cet universitaire dans une d\u00e9claration \u00e0 la MAP. \u00ab\u00a0Cette position espagnole est une d\u00e9cision encourageante pour [&hellip;]<\/p>\n","protected":false},"author":1788,"featured_media":0,"comment_status":"closed","ping_status":"closed","sticky":false,"template":"","format":"standard","meta":{"fifu_image_url":"https:\/\/www.mapmarrakech.ma\/map\/uploads\/2022\/03\/belgourch.jpg","fifu_image_alt":"La position de l\u2019Espagne \u0153uvrera pour un avenir plus prometteur","footnotes":""},"categories":[54,76],"tags":[],"class_list":["post-143519","post","type-post","status-publish","format-standard","hentry","category-maroc","category-regions"],"_links":{"self":[{"href":"https:\/\/linitiative.ca\/International\/wp-json\/wp\/v2\/posts\/143519","targetHints":{"allow":["GET"]}}],"collection":[{"href":"https:\/\/linitiative.ca\/International\/wp-json\/wp\/v2\/posts"}],"about":[{"href":"https:\/\/linitiative.ca\/International\/wp-json\/wp\/v2\/types\/post"}],"author":[{"embeddable":true,"href":"https:\/\/linitiative.ca\/International\/wp-json\/wp\/v2\/users\/1788"}],"replies":[{"embeddable":true,"href":"https:\/\/linitiative.ca\/International\/wp-json\/wp\/v2\/comments?post=143519"}],"version-history":[{"count":0,"href":"https:\/\/linitiative.ca\/International\/wp-json\/wp\/v2\/posts\/143519\/revisions"}],"wp:attachment":[{"href":"https:\/\/linitiative.ca\/International\/wp-json\/wp\/v2\/media?parent=143519"}],"wp:term":[{"taxonomy":"category","embeddable":true,"href":"https:\/\/linitiative.ca\/International\/wp-json\/wp\/v2\/categories?post=143519"},{"taxonomy":"post_tag","embeddable":true,"href":"https:\/\/linitiative.ca\/International\/wp-json\/wp\/v2\/tags?post=143519"}],"curies":[{"name":"wp","href":"https:\/\/api.w.org\/{rel}","templated":true}]}}