{"id":143522,"date":"2022-03-20T07:22:29","date_gmt":"2022-03-20T11:22:29","guid":{"rendered":"https:\/\/linitiative.ca\/International\/le-maroc-rempile-a-la-tete-de-lunion-arabe-de-lelectricite\/"},"modified":"2022-03-20T07:22:29","modified_gmt":"2022-03-20T11:22:29","slug":"le-maroc-rempile-a-la-tete-de-lunion-arabe-de-lelectricite","status":"publish","type":"post","link":"https:\/\/linitiative.ca\/International\/le-maroc-rempile-a-la-tete-de-lunion-arabe-de-lelectricite\/","title":{"rendered":"Le Maroc rempile \u00e0 la t\u00eate de l&rsquo;Union arabe de l&rsquo;\u00e9lectricit\u00e9"},"content":{"rendered":"<div>\n<div class=\"field field-name-body field-type-text-with-summary field-label-hidden\">\n<div class=\"field-items\">\n<div class=\"field-item even\" property=\"content:encoded\">\n<p class=\"rtejustify\">Le Maroc a \u00e9t\u00e9 reconduit, samedi \u00e0 Doha, \u00e0 la pr\u00e9sidence de l&rsquo;Union arabe de l\u2019Electricit\u00e9 (UAE) pour un second mandat cons\u00e9cutif (2022-2025). C&rsquo;est Abderrahim El Hafidi, directeur g\u00e9n\u00e9ral de l\u2019Office national de l&rsquo;Electricit\u00e9 et de l&rsquo;Eau potable (ONEE), qui a \u00e9t\u00e9 r\u00e9\u00e9lu \u00e0 la t\u00eate de l&rsquo;UAE\u00a0lors de la 56e session du Conseil d&rsquo;Administration et la 17e session de l&rsquo;Assembl\u00e9e g\u00e9n\u00e9rale de l&rsquo;Union.<\/p>\n<\/div>\n<\/div>\n<\/div>\n<\/div>\n<p>Auteur: hgueye<br \/>\n<a href=\"https:\/\/www.leconomiste.com\/flash-infos\/le-maroc-rempile-la-tete-de-l-union-arabe-de-l-electricite\">Cliquez ici pour lire l&rsquo;article depuis sa source.<\/a><\/p>\n","protected":false},"excerpt":{"rendered":"<p>Le Maroc a \u00e9t\u00e9 reconduit, samedi \u00e0 Doha, \u00e0 la pr\u00e9sidence de l&rsquo;Union arabe de l\u2019Electricit\u00e9 (UAE) pour un second mandat cons\u00e9cutif (2022-2025). C&rsquo;est Abderrahim El Hafidi, directeur g\u00e9n\u00e9ral de l\u2019Office national de l&rsquo;Electricit\u00e9 et de l&rsquo;Eau potable (ONEE), qui a \u00e9t\u00e9 r\u00e9\u00e9lu \u00e0 la t\u00eate de l&rsquo;UAE\u00a0lors de la 56e session du Conseil d&rsquo;Administration [&hellip;]<\/p>\n","protected":false},"author":1763,"featured_media":0,"comment_status":"closed","ping_status":"closed","sticky":false,"template":"","format":"standard","meta":{"fifu_image_url":"","fifu_image_alt":"","footnotes":""},"categories":[78,54],"tags":[],"class_list":["post-143522","post","type-post","status-publish","format-standard","hentry","category-economie","category-maroc"],"_links":{"self":[{"href":"https:\/\/linitiative.ca\/International\/wp-json\/wp\/v2\/posts\/143522","targetHints":{"allow":["GET"]}}],"collection":[{"href":"https:\/\/linitiative.ca\/International\/wp-json\/wp\/v2\/posts"}],"about":[{"href":"https:\/\/linitiative.ca\/International\/wp-json\/wp\/v2\/types\/post"}],"author":[{"embeddable":true,"href":"https:\/\/linitiative.ca\/International\/wp-json\/wp\/v2\/users\/1763"}],"replies":[{"embeddable":true,"href":"https:\/\/linitiative.ca\/International\/wp-json\/wp\/v2\/comments?post=143522"}],"version-history":[{"count":0,"href":"https:\/\/linitiative.ca\/International\/wp-json\/wp\/v2\/posts\/143522\/revisions"}],"wp:attachment":[{"href":"https:\/\/linitiative.ca\/International\/wp-json\/wp\/v2\/media?parent=143522"}],"wp:term":[{"taxonomy":"category","embeddable":true,"href":"https:\/\/linitiative.ca\/International\/wp-json\/wp\/v2\/categories?post=143522"},{"taxonomy":"post_tag","embeddable":true,"href":"https:\/\/linitiative.ca\/International\/wp-json\/wp\/v2\/tags?post=143522"}],"curies":[{"name":"wp","href":"https:\/\/api.w.org\/{rel}","templated":true}]}}