{"id":143523,"date":"2022-03-20T09:41:20","date_gmt":"2022-03-20T13:41:20","guid":{"rendered":"https:\/\/linitiative.ca\/International\/lg-electronics-maroc-oeuvre-dans-le-social\/"},"modified":"2022-03-20T09:41:20","modified_gmt":"2022-03-20T13:41:20","slug":"lg-electronics-maroc-oeuvre-dans-le-social","status":"publish","type":"post","link":"https:\/\/linitiative.ca\/International\/lg-electronics-maroc-oeuvre-dans-le-social\/","title":{"rendered":"LG Electronics Maroc \u0153uvre dans le social"},"content":{"rendered":"<div>\n<div class=\"field field-name-body field-type-text-with-summary field-label-hidden\">\n<div class=\"field-items\">\n<div class=\"field-item even\" property=\"content:encoded\">\n<p class=\"rtejustify\">LG Electronics Maroc a nou\u00e9 un partenariat avec le collectif citoyen \u00ab Dari B7al Nass \u00bb soutenu par l\u2019association \u00ab Ndir Lkhir \u00bb. La marque s\u2019engage ainsi \u00e0 \u00e9quiper en \u00e9lectrom\u00e9nager les logements de nombreuses familles, dans le cadre d\u2019une action sociale. Ce partenariat vient en compl\u00e9ment des initiatives de \u00ab Dari B7al Nass \u00bb, collectif qui \u0153uvre de mani\u00e8re caritative afin de lever des dons et reloger des familles qui sont dans le besoin.<\/p>\n<\/div>\n<\/div>\n<\/div>\n<\/div>\n<p>Auteur: hgueye<br \/>\n<a href=\"https:\/\/www.leconomiste.com\/flash-infos\/lg-electronics-maroc-oeuvre-dans-le-social\">Cliquez ici pour lire l&rsquo;article depuis sa source.<\/a><\/p>\n","protected":false},"excerpt":{"rendered":"<p>LG Electronics Maroc a nou\u00e9 un partenariat avec le collectif citoyen \u00ab Dari B7al Nass \u00bb soutenu par l\u2019association \u00ab Ndir Lkhir \u00bb. La marque s\u2019engage ainsi \u00e0 \u00e9quiper en \u00e9lectrom\u00e9nager les logements de nombreuses familles, dans le cadre d\u2019une action sociale. Ce partenariat vient en compl\u00e9ment des initiatives de \u00ab Dari B7al Nass \u00bb, [&hellip;]<\/p>\n","protected":false},"author":1763,"featured_media":0,"comment_status":"closed","ping_status":"closed","sticky":false,"template":"","format":"standard","meta":{"fifu_image_url":"","fifu_image_alt":"","footnotes":""},"categories":[78,54],"tags":[],"class_list":["post-143523","post","type-post","status-publish","format-standard","hentry","category-economie","category-maroc"],"_links":{"self":[{"href":"https:\/\/linitiative.ca\/International\/wp-json\/wp\/v2\/posts\/143523","targetHints":{"allow":["GET"]}}],"collection":[{"href":"https:\/\/linitiative.ca\/International\/wp-json\/wp\/v2\/posts"}],"about":[{"href":"https:\/\/linitiative.ca\/International\/wp-json\/wp\/v2\/types\/post"}],"author":[{"embeddable":true,"href":"https:\/\/linitiative.ca\/International\/wp-json\/wp\/v2\/users\/1763"}],"replies":[{"embeddable":true,"href":"https:\/\/linitiative.ca\/International\/wp-json\/wp\/v2\/comments?post=143523"}],"version-history":[{"count":0,"href":"https:\/\/linitiative.ca\/International\/wp-json\/wp\/v2\/posts\/143523\/revisions"}],"wp:attachment":[{"href":"https:\/\/linitiative.ca\/International\/wp-json\/wp\/v2\/media?parent=143523"}],"wp:term":[{"taxonomy":"category","embeddable":true,"href":"https:\/\/linitiative.ca\/International\/wp-json\/wp\/v2\/categories?post=143523"},{"taxonomy":"post_tag","embeddable":true,"href":"https:\/\/linitiative.ca\/International\/wp-json\/wp\/v2\/tags?post=143523"}],"curies":[{"name":"wp","href":"https:\/\/api.w.org\/{rel}","templated":true}]}}