{"id":143526,"date":"2022-03-20T08:24:00","date_gmt":"2022-03-20T12:24:00","guid":{"rendered":"https:\/\/linitiative.ca\/International\/belmadi-explique-labsence-de-bounedjah-et-le-retour-de-guedioura\/"},"modified":"2022-03-20T08:24:00","modified_gmt":"2022-03-20T12:24:00","slug":"belmadi-explique-labsence-de-bounedjah-et-le-retour-de-guedioura","status":"publish","type":"post","link":"https:\/\/linitiative.ca\/International\/belmadi-explique-labsence-de-bounedjah-et-le-retour-de-guedioura\/","title":{"rendered":"Belmadi explique l&rsquo;absence de Bounedjah et le retour de Guedioura"},"content":{"rendered":"<div>Djamel Belmadi \u00e9tait pr\u00e9sent ce dimanche en conf\u00e9rence de presse pour commenter la liste des joueurs convoqu\u00e9s pour la double confrontation d\u00e9cisive face au Cameroun<\/div>\n<p>Auteur:<br \/>\n<a href=\"https:\/\/www.lebuteur.com\/article\/detail?titre=belmadi-explique-labsence-de-bounedjah-et-le-retour-de-guedioura&#038;id=102525\">Cliquez ici pour lire l&rsquo;article depuis sa source.<\/a><\/p>\n","protected":false},"excerpt":{"rendered":"<p>Djamel Belmadi \u00e9tait pr\u00e9sent ce dimanche en conf\u00e9rence de presse pour commenter la liste des joueurs convoqu\u00e9s pour la double confrontation d\u00e9cisive face au Cameroun Auteur: Cliquez ici pour lire l&rsquo;article depuis sa source.<\/p>\n","protected":false},"author":1738,"featured_media":0,"comment_status":"closed","ping_status":"closed","sticky":false,"template":"","format":"standard","meta":{"fifu_image_url":"","fifu_image_alt":"","footnotes":""},"categories":[53,75],"tags":[],"class_list":["post-143526","post","type-post","status-publish","format-standard","hentry","category-algerie","category-sport"],"_links":{"self":[{"href":"https:\/\/linitiative.ca\/International\/wp-json\/wp\/v2\/posts\/143526","targetHints":{"allow":["GET"]}}],"collection":[{"href":"https:\/\/linitiative.ca\/International\/wp-json\/wp\/v2\/posts"}],"about":[{"href":"https:\/\/linitiative.ca\/International\/wp-json\/wp\/v2\/types\/post"}],"author":[{"embeddable":true,"href":"https:\/\/linitiative.ca\/International\/wp-json\/wp\/v2\/users\/1738"}],"replies":[{"embeddable":true,"href":"https:\/\/linitiative.ca\/International\/wp-json\/wp\/v2\/comments?post=143526"}],"version-history":[{"count":0,"href":"https:\/\/linitiative.ca\/International\/wp-json\/wp\/v2\/posts\/143526\/revisions"}],"wp:attachment":[{"href":"https:\/\/linitiative.ca\/International\/wp-json\/wp\/v2\/media?parent=143526"}],"wp:term":[{"taxonomy":"category","embeddable":true,"href":"https:\/\/linitiative.ca\/International\/wp-json\/wp\/v2\/categories?post=143526"},{"taxonomy":"post_tag","embeddable":true,"href":"https:\/\/linitiative.ca\/International\/wp-json\/wp\/v2\/tags?post=143526"}],"curies":[{"name":"wp","href":"https:\/\/api.w.org\/{rel}","templated":true}]}}