{"id":143531,"date":"2022-03-20T04:00:00","date_gmt":"2022-03-20T08:00:00","guid":{"rendered":"https:\/\/linitiative.ca\/International\/la-relance-de-la-bce-sera-probablement-differee-par-le-conflit-en-ukraine\/"},"modified":"2022-03-20T04:00:00","modified_gmt":"2022-03-20T08:00:00","slug":"la-relance-de-la-bce-sera-probablement-differee-par-le-conflit-en-ukraine","status":"publish","type":"post","link":"https:\/\/linitiative.ca\/International\/la-relance-de-la-bce-sera-probablement-differee-par-le-conflit-en-ukraine\/","title":{"rendered":"La relance de la BCE sera probablement diff\u00e9r\u00e9e par le conflit en Ukraine"},"content":{"rendered":"<div><img decoding=\"async\" src=\"https:\/\/linitiative.ca\/International\/wp-content\/uploads\/sites\/23\/2022\/03\/1647629258_article.jpg\" alt=\"La relance de la BCE sera probablement diff\u00e9r\u00e9e par le conflit en Ukraine\" align=\"left\">La force in\u00e9dite des mesures de la relance budg\u00e9taire et mon\u00e9taire dans les \u00e9conomies avanc\u00e9es a permis une reprise rapide en 2021. Toutefois, la croissance conna\u00eet un fl\u00e9chissement en 2022 et les pressions inflationnistes sont d\u00e9j\u00e0 \u00e9lev\u00e9es et en hausse. Une inflation plus \u00e9lev\u00e9e et une croissance du PIB plus faible sont qualifi\u00e9es de stagflation et constituent l&rsquo;une des situations les plus difficiles \u00e0 g\u00e9rer pour les banques centrales.<br \/>\nUn resserrement de la politique mon\u00e9taire et des conditions financi\u00e8res semble encore n\u00e9cessaire afin d\u2019\u00e9viter que les pr\u00e9visions d&rsquo;inflation dans la zone euro ne se d\u00e9sancrent en r\u00e9ponse \u00e0 l&rsquo;inflation la plus \u00e9lev\u00e9e depuis la &#8230;<\/p>\n<\/div>\n<p>Auteur:<br \/>\n<a href=\"https:\/\/www.leaders.com.tn\/article\/33115-la-relance-de-la-bce-sera-probablement-differee-par-le-conflit-en-ukraine\">Cliquez ici pour lire l&rsquo;article depuis sa source.<\/a><\/p>\n","protected":false},"excerpt":{"rendered":"<p>La force in\u00e9dite des mesures de la relance budg\u00e9taire et mon\u00e9taire dans les \u00e9conomies avanc\u00e9es a permis une reprise rapide en 2021. Toutefois, la croissance conna\u00eet un fl\u00e9chissement en 2022 et les pressions inflationnistes sont d\u00e9j\u00e0 \u00e9lev\u00e9es et en hausse. Une inflation plus \u00e9lev\u00e9e et une croissance du PIB plus faible sont qualifi\u00e9es de stagflation [&hellip;]<\/p>\n","protected":false},"author":1772,"featured_media":0,"comment_status":"closed","ping_status":"closed","sticky":false,"template":"","format":"standard","meta":{"fifu_image_url":"http:\/\/www.leaders.com.tn\/uploads\/content\/thumbnails_small\/1647629258_article.jpg","fifu_image_alt":"La relance de la BCE sera probablement diff\u00e9r\u00e9e par le conflit en Ukraine","footnotes":""},"categories":[73,55],"tags":[],"class_list":["post-143531","post","type-post","status-publish","format-standard","hentry","category-actualite","category-tunisie"],"_links":{"self":[{"href":"https:\/\/linitiative.ca\/International\/wp-json\/wp\/v2\/posts\/143531","targetHints":{"allow":["GET"]}}],"collection":[{"href":"https:\/\/linitiative.ca\/International\/wp-json\/wp\/v2\/posts"}],"about":[{"href":"https:\/\/linitiative.ca\/International\/wp-json\/wp\/v2\/types\/post"}],"author":[{"embeddable":true,"href":"https:\/\/linitiative.ca\/International\/wp-json\/wp\/v2\/users\/1772"}],"replies":[{"embeddable":true,"href":"https:\/\/linitiative.ca\/International\/wp-json\/wp\/v2\/comments?post=143531"}],"version-history":[{"count":0,"href":"https:\/\/linitiative.ca\/International\/wp-json\/wp\/v2\/posts\/143531\/revisions"}],"wp:attachment":[{"href":"https:\/\/linitiative.ca\/International\/wp-json\/wp\/v2\/media?parent=143531"}],"wp:term":[{"taxonomy":"category","embeddable":true,"href":"https:\/\/linitiative.ca\/International\/wp-json\/wp\/v2\/categories?post=143531"},{"taxonomy":"post_tag","embeddable":true,"href":"https:\/\/linitiative.ca\/International\/wp-json\/wp\/v2\/tags?post=143531"}],"curies":[{"name":"wp","href":"https:\/\/api.w.org\/{rel}","templated":true}]}}