{"id":143535,"date":"2022-03-20T13:01:00","date_gmt":"2022-03-20T17:01:00","guid":{"rendered":"https:\/\/linitiative.ca\/International\/copains-davant-une-photo-souvenir-inedite-du-lycee-de-garcons-de-sfax-en-1956\/"},"modified":"2022-03-20T13:01:00","modified_gmt":"2022-03-20T17:01:00","slug":"copains-davant-une-photo-souvenir-inedite-du-lycee-de-garcons-de-sfax-en-1956","status":"publish","type":"post","link":"https:\/\/linitiative.ca\/International\/copains-davant-une-photo-souvenir-inedite-du-lycee-de-garcons-de-sfax-en-1956\/","title":{"rendered":"Copains d&rsquo;avant : Une photo-souvenir in\u00e9dite du lyc\u00e9e de gar\u00e7ons de Sfax en 1956"},"content":{"rendered":"<div><img decoding=\"async\" src=\"https:\/\/linitiative.ca\/International\/wp-content\/uploads\/sites\/23\/2022\/03\/1647792408_article.jpg\" alt=\"Copains d\" avant : une photo-souvenir in du lyc de gar sfax en align=\"left\">Notre fid\u00e8le lecteur, Rachid Bouhamed, gratifie les lecteurs de Leaders d\u2019une p\u00e9pite\u00a0: une photo-souvenir in\u00e9dite, accompagn\u00e9e de son r\u00e9cit.<br \/>\nEn ce jour anniversaire du 20 mars, permettez-moi de vous offrir une image qui n\u2019a qu\u2019un rapport tr\u00e8s indirect avec ce jour glorieux, quoique\u2026<br \/>\nJ\u2019ai fait partie, en octobre 1957, de la promotion qui a inaugur\u00e9 le Lyc\u00e9e de Gar\u00e7ons de Sfax, qui devait bient\u00f4t \u00eatre baptis\u00e9 du nom glorieux de notre H\u00e9di Chaker national. Le lyc\u00e9e \u00e9tait, alors, sous la\u00a0direction de Am Salah Kanoun, et accueillait des \u00e9l\u00e8ves de diverses nationalit\u00e9s, notamment des pensionnaires marocains descendants des mineurs qui \u00e9taient venus pr\u00eater leur &#8230;<\/p>\n<\/div>\n<p>Auteur:<br \/>\n<a href=\"https:\/\/www.leaders.com.tn\/article\/33116-copains-d-avant-une-photo-souvenir-inedite-du-lycee-de-garcons-de-sfax-en-1956\">Cliquez ici pour lire l&rsquo;article depuis sa source.<\/a><\/p>\n","protected":false},"excerpt":{"rendered":"<p>Notre fid\u00e8le lecteur, Rachid Bouhamed, gratifie les lecteurs de Leaders d\u2019une p\u00e9pite\u00a0: une photo-souvenir in\u00e9dite, accompagn\u00e9e de son r\u00e9cit. En ce jour anniversaire du 20 mars, permettez-moi de vous offrir une image qui n\u2019a qu\u2019un rapport tr\u00e8s indirect avec ce jour glorieux, quoique\u2026 J\u2019ai fait partie, en octobre 1957, de la promotion qui a inaugur\u00e9 [&hellip;]<\/p>\n","protected":false},"author":1772,"featured_media":0,"comment_status":"closed","ping_status":"closed","sticky":false,"template":"","format":"standard","meta":{"fifu_image_url":"http:\/\/www.leaders.com.tn\/uploads\/content\/thumbnails_small\/1647792408_article.jpg","fifu_image_alt":"<div>Copains d'avant : Une photo-souvenir in\u00e9dite du lyc\u00e9e de gar\u00e7ons de Sfax en 1956<\/div>","footnotes":""},"categories":[73,55],"tags":[],"class_list":["post-143535","post","type-post","status-publish","format-standard","hentry","category-actualite","category-tunisie"],"_links":{"self":[{"href":"https:\/\/linitiative.ca\/International\/wp-json\/wp\/v2\/posts\/143535","targetHints":{"allow":["GET"]}}],"collection":[{"href":"https:\/\/linitiative.ca\/International\/wp-json\/wp\/v2\/posts"}],"about":[{"href":"https:\/\/linitiative.ca\/International\/wp-json\/wp\/v2\/types\/post"}],"author":[{"embeddable":true,"href":"https:\/\/linitiative.ca\/International\/wp-json\/wp\/v2\/users\/1772"}],"replies":[{"embeddable":true,"href":"https:\/\/linitiative.ca\/International\/wp-json\/wp\/v2\/comments?post=143535"}],"version-history":[{"count":0,"href":"https:\/\/linitiative.ca\/International\/wp-json\/wp\/v2\/posts\/143535\/revisions"}],"wp:attachment":[{"href":"https:\/\/linitiative.ca\/International\/wp-json\/wp\/v2\/media?parent=143535"}],"wp:term":[{"taxonomy":"category","embeddable":true,"href":"https:\/\/linitiative.ca\/International\/wp-json\/wp\/v2\/categories?post=143535"},{"taxonomy":"post_tag","embeddable":true,"href":"https:\/\/linitiative.ca\/International\/wp-json\/wp\/v2\/tags?post=143535"}],"curies":[{"name":"wp","href":"https:\/\/api.w.org\/{rel}","templated":true}]}}