{"id":143538,"date":"2022-03-20T07:49:29","date_gmt":"2022-03-20T11:49:29","guid":{"rendered":"https:\/\/linitiative.ca\/International\/abdellatif-miraoui-la-competitivite-de-lentreprise-ne-peut-pas-etre-garantie-sans-une-recherche-scientifique-de-pointe\/"},"modified":"2022-03-20T07:49:29","modified_gmt":"2022-03-20T11:49:29","slug":"abdellatif-miraoui-la-competitivite-de-lentreprise-ne-peut-pas-etre-garantie-sans-une-recherche-scientifique-de-pointe","status":"publish","type":"post","link":"https:\/\/linitiative.ca\/International\/abdellatif-miraoui-la-competitivite-de-lentreprise-ne-peut-pas-etre-garantie-sans-une-recherche-scientifique-de-pointe\/","title":{"rendered":"Abdellatif Miraoui : \u00ab\u00a0La comp\u00e9titivit\u00e9 de l\u2019entreprise ne peut pas \u00eatre garantie sans une recherche scientifique de pointe\u00a0\u00bb"},"content":{"rendered":"<div><img decoding=\"async\" width=\"1200\" height=\"894\" src=\"https:\/\/linitiative.ca\/International\/wp-content\/uploads\/sites\/23\/2022\/03\/Abdellatif-Miraoui.jpg\" class=\"attachment-post-thumbnail size-post-thumbnail wp-post-image\" alt=\"\" loading=\"lazy\" srcset=\"https:\/\/linitiative.ca\/International\/wp-content\/uploads\/sites\/23\/2022\/03\/Abdellatif-Miraoui.jpg 1200w, https:\/\/www.challenge.ma\/wp-content\/uploads\/2022\/03\/Abdellatif-Miraoui-300x224.jpg 300w, https:\/\/www.challenge.ma\/wp-content\/uploads\/2022\/03\/Abdellatif-Miraoui-1024x763.jpg 1024w, https:\/\/www.challenge.ma\/wp-content\/uploads\/2022\/03\/Abdellatif-Miraoui-768x572.jpg 768w, https:\/\/www.challenge.ma\/wp-content\/uploads\/2022\/03\/Abdellatif-Miraoui-360x268.jpg 360w, https:\/\/www.challenge.ma\/wp-content\/uploads\/2022\/03\/Abdellatif-Miraoui-750x559.jpg 750w\" sizes=\"auto, (max-width: 1200px) 100vw, 1200px\" itemprop=\"image\">Depuis qu\u2019il est \u00e0 la t\u00eate du minist\u00e8re de l\u2019Enseignement sup\u00e9rieur, de la Recherche scientifique et de l\u2019Innovation, il y a 5 mois, Abdellatif Miraoui a clairement affich\u00e9 son ambition de faire sortir l\u2019Universit\u00e9 marocaine de son marasme structurel. Le Docteur en Sciences de l\u2019Ing\u00e9nierie et Professeur universitaire, Ancien Pr\u00e9sident<\/div>\n<p>Auteur: Adama Sylla<br \/>\n<a href=\"https:\/\/www.challenge.ma\/abdellatif-miraoui-la-competitivite-de-lentreprise-ne-peut-pas-etre-garantie-sans-une-recherche-scientifique-de-pointe-234862\/\">Cliquez ici pour lire l&rsquo;article depuis sa source.<\/a><\/p>\n","protected":false},"excerpt":{"rendered":"<p>Depuis qu\u2019il est \u00e0 la t\u00eate du minist\u00e8re de l\u2019Enseignement sup\u00e9rieur, de la Recherche scientifique et de l\u2019Innovation, il y a 5 mois, Abdellatif Miraoui a clairement affich\u00e9 son ambition de faire sortir l\u2019Universit\u00e9 marocaine de son marasme structurel. Le Docteur en Sciences de l\u2019Ing\u00e9nierie et Professeur universitaire, Ancien Pr\u00e9sident Auteur: Adama Sylla Cliquez ici [&hellip;]<\/p>\n","protected":false},"author":1787,"featured_media":0,"comment_status":"closed","ping_status":"closed","sticky":false,"template":"","format":"standard","meta":{"fifu_image_url":"https:\/\/www.challenge.ma\/wp-content\/uploads\/2022\/03\/Abdellatif-Miraoui.jpg","fifu_image_alt":"Abdellatif Miraoui : \u00ab\u00a0La comp\u00e9titivit\u00e9 de l\u2019entreprise ne peut pas \u00eatre garantie sans une recherche scientifique de pointe\u00a0\u00bb","footnotes":""},"categories":[78,54],"tags":[],"class_list":["post-143538","post","type-post","status-publish","format-standard","hentry","category-economie","category-maroc"],"_links":{"self":[{"href":"https:\/\/linitiative.ca\/International\/wp-json\/wp\/v2\/posts\/143538","targetHints":{"allow":["GET"]}}],"collection":[{"href":"https:\/\/linitiative.ca\/International\/wp-json\/wp\/v2\/posts"}],"about":[{"href":"https:\/\/linitiative.ca\/International\/wp-json\/wp\/v2\/types\/post"}],"author":[{"embeddable":true,"href":"https:\/\/linitiative.ca\/International\/wp-json\/wp\/v2\/users\/1787"}],"replies":[{"embeddable":true,"href":"https:\/\/linitiative.ca\/International\/wp-json\/wp\/v2\/comments?post=143538"}],"version-history":[{"count":0,"href":"https:\/\/linitiative.ca\/International\/wp-json\/wp\/v2\/posts\/143538\/revisions"}],"wp:attachment":[{"href":"https:\/\/linitiative.ca\/International\/wp-json\/wp\/v2\/media?parent=143538"}],"wp:term":[{"taxonomy":"category","embeddable":true,"href":"https:\/\/linitiative.ca\/International\/wp-json\/wp\/v2\/categories?post=143538"},{"taxonomy":"post_tag","embeddable":true,"href":"https:\/\/linitiative.ca\/International\/wp-json\/wp\/v2\/tags?post=143538"}],"curies":[{"name":"wp","href":"https:\/\/api.w.org\/{rel}","templated":true}]}}