{"id":143540,"date":"2022-03-20T08:08:57","date_gmt":"2022-03-20T12:08:57","guid":{"rendered":"https:\/\/linitiative.ca\/International\/sahara-marocain-la-diaspora-marocaine-en-suisse-se-felicite-de-la-nouvelle-position-espagnole\/"},"modified":"2022-03-20T08:08:57","modified_gmt":"2022-03-20T12:08:57","slug":"sahara-marocain-la-diaspora-marocaine-en-suisse-se-felicite-de-la-nouvelle-position-espagnole","status":"publish","type":"post","link":"https:\/\/linitiative.ca\/International\/sahara-marocain-la-diaspora-marocaine-en-suisse-se-felicite-de-la-nouvelle-position-espagnole\/","title":{"rendered":"Sahara marocain. La diaspora marocaine en Suisse se f\u00e9licite de la nouvelle position espagnole"},"content":{"rendered":"<div><img decoding=\"async\" width=\"565\" height=\"352\" src=\"https:\/\/linitiative.ca\/International\/wp-content\/uploads\/sites\/23\/2022\/03\/SUISSE.jpg\" class=\"attachment-post-thumbnail size-post-thumbnail wp-post-image\" alt=\"\" loading=\"lazy\" srcset=\"https:\/\/linitiative.ca\/International\/wp-content\/uploads\/sites\/23\/2022\/03\/SUISSE.jpg 565w, https:\/\/www.challenge.ma\/wp-content\/uploads\/2022\/03\/SUISSE-300x187.jpg 300w, https:\/\/www.challenge.ma\/wp-content\/uploads\/2022\/03\/SUISSE-360x224.jpg 360w\" sizes=\"auto, (max-width: 565px) 100vw, 565px\" itemprop=\"image\">La diaspora marocaine en Suisse salue la nouvelle position espagnole soutenant l\u2019initiative d\u2019autonomie propos\u00e9e par le Maroc pour clore d\u00e9finitivement le dossier du Sahara marocain, tout en se r\u00e9jouissant de la dynamique forte et irr\u00e9versible des reconnaissances internationales de l\u2019int\u00e9grit\u00e9 territoriale du Royaume.\u00a0 Cette nouvelle position judicieuse et claire de<\/div>\n<p>Auteur: challenge<br \/>\n<a href=\"https:\/\/www.challenge.ma\/sahara-marocain-la-diaspora-marocaine-en-suisse-se-felicite-de-la-nouvelle-position-espagnole-234905\/\">Cliquez ici pour lire l&rsquo;article depuis sa source.<\/a><\/p>\n","protected":false},"excerpt":{"rendered":"<p>La diaspora marocaine en Suisse salue la nouvelle position espagnole soutenant l\u2019initiative d\u2019autonomie propos\u00e9e par le Maroc pour clore d\u00e9finitivement le dossier du Sahara marocain, tout en se r\u00e9jouissant de la dynamique forte et irr\u00e9versible des reconnaissances internationales de l\u2019int\u00e9grit\u00e9 territoriale du Royaume.\u00a0 Cette nouvelle position judicieuse et claire de Auteur: challenge Cliquez ici pour [&hellip;]<\/p>\n","protected":false},"author":1787,"featured_media":0,"comment_status":"closed","ping_status":"closed","sticky":false,"template":"","format":"standard","meta":{"fifu_image_url":"https:\/\/www.challenge.ma\/wp-content\/uploads\/2022\/03\/SUISSE.jpg","fifu_image_alt":"Sahara marocain. La diaspora marocaine en Suisse se f\u00e9licite de la nouvelle position espagnole","footnotes":""},"categories":[78,54],"tags":[],"class_list":["post-143540","post","type-post","status-publish","format-standard","hentry","category-economie","category-maroc"],"_links":{"self":[{"href":"https:\/\/linitiative.ca\/International\/wp-json\/wp\/v2\/posts\/143540","targetHints":{"allow":["GET"]}}],"collection":[{"href":"https:\/\/linitiative.ca\/International\/wp-json\/wp\/v2\/posts"}],"about":[{"href":"https:\/\/linitiative.ca\/International\/wp-json\/wp\/v2\/types\/post"}],"author":[{"embeddable":true,"href":"https:\/\/linitiative.ca\/International\/wp-json\/wp\/v2\/users\/1787"}],"replies":[{"embeddable":true,"href":"https:\/\/linitiative.ca\/International\/wp-json\/wp\/v2\/comments?post=143540"}],"version-history":[{"count":0,"href":"https:\/\/linitiative.ca\/International\/wp-json\/wp\/v2\/posts\/143540\/revisions"}],"wp:attachment":[{"href":"https:\/\/linitiative.ca\/International\/wp-json\/wp\/v2\/media?parent=143540"}],"wp:term":[{"taxonomy":"category","embeddable":true,"href":"https:\/\/linitiative.ca\/International\/wp-json\/wp\/v2\/categories?post=143540"},{"taxonomy":"post_tag","embeddable":true,"href":"https:\/\/linitiative.ca\/International\/wp-json\/wp\/v2\/tags?post=143540"}],"curies":[{"name":"wp","href":"https:\/\/api.w.org\/{rel}","templated":true}]}}