{"id":143542,"date":"2022-03-20T09:09:10","date_gmt":"2022-03-20T13:09:10","guid":{"rendered":"https:\/\/linitiative.ca\/International\/ilham-kazzini-directrice-du-pole-commercial-de-ram-nous-sommes-au-maximum-de-nos-capacites-entre-la-france-et-le-maroc\/"},"modified":"2022-03-20T09:09:10","modified_gmt":"2022-03-20T13:09:10","slug":"ilham-kazzini-directrice-du-pole-commercial-de-ram-nous-sommes-au-maximum-de-nos-capacites-entre-la-france-et-le-maroc","status":"publish","type":"post","link":"https:\/\/linitiative.ca\/International\/ilham-kazzini-directrice-du-pole-commercial-de-ram-nous-sommes-au-maximum-de-nos-capacites-entre-la-france-et-le-maroc\/","title":{"rendered":"Ilham Kazzini, directrice du p\u00f4le commercial de RAM: \u00abNous sommes au maximum de nos capacit\u00e9s entre la France et le Maroc\u00bb"},"content":{"rendered":"<div><img decoding=\"async\" width=\"1188\" height=\"716\" src=\"https:\/\/linitiative.ca\/International\/wp-content\/uploads\/sites\/23\/2022\/03\/POST.jpg\" class=\"attachment-post-thumbnail size-post-thumbnail wp-post-image\" alt=\"\" loading=\"lazy\" srcset=\"https:\/\/linitiative.ca\/International\/wp-content\/uploads\/sites\/23\/2022\/03\/POST.jpg 1188w, https:\/\/www.challenge.ma\/wp-content\/uploads\/2022\/03\/POST-300x181.jpg 300w, https:\/\/www.challenge.ma\/wp-content\/uploads\/2022\/03\/POST-1024x617.jpg 1024w, https:\/\/www.challenge.ma\/wp-content\/uploads\/2022\/03\/POST-768x463.jpg 768w, https:\/\/www.challenge.ma\/wp-content\/uploads\/2022\/03\/POST-360x217.jpg 360w, https:\/\/www.challenge.ma\/wp-content\/uploads\/2022\/03\/POST-750x452.jpg 750w\" sizes=\"auto, (max-width: 1188px) 100vw, 1188px\" itemprop=\"image\">En s\u00e9jour r\u00e9cemment \u00e0 Paris pour renouer le contact avec ses \u00e9quipes et partenaires fran\u00e7ais, la directrice du p\u00f4le commercial et support de Royal Air Maroc (RAM), Ilham Kazzini, a fait le point avec la presse touristique de l\u2019Hexagone sur la reprise de l\u2019activit\u00e9 de la compagnie a\u00e9rienne nationale entre<\/div>\n<p>Auteur: challenge<br \/>\n<a href=\"https:\/\/www.challenge.ma\/ilham-kazzini-directrice-du-pole-commercial-de-ram-nous-sommes-au-maximum-de-nos-capacites-entre-la-france-et-le-maroc-%EF%BF%BC-234915\/\">Cliquez ici pour lire l&rsquo;article depuis sa source.<\/a><\/p>\n","protected":false},"excerpt":{"rendered":"<p>En s\u00e9jour r\u00e9cemment \u00e0 Paris pour renouer le contact avec ses \u00e9quipes et partenaires fran\u00e7ais, la directrice du p\u00f4le commercial et support de Royal Air Maroc (RAM), Ilham Kazzini, a fait le point avec la presse touristique de l\u2019Hexagone sur la reprise de l\u2019activit\u00e9 de la compagnie a\u00e9rienne nationale entre Auteur: challenge Cliquez ici pour [&hellip;]<\/p>\n","protected":false},"author":1787,"featured_media":0,"comment_status":"closed","ping_status":"closed","sticky":false,"template":"","format":"standard","meta":{"fifu_image_url":"https:\/\/www.challenge.ma\/wp-content\/uploads\/2022\/03\/POST.jpg","fifu_image_alt":"Ilham Kazzini, directrice du p\u00f4le commercial de RAM: \u00abNous sommes au maximum de nos capacit\u00e9s entre la France et le Maroc\u00bb","footnotes":""},"categories":[78,54],"tags":[],"class_list":["post-143542","post","type-post","status-publish","format-standard","hentry","category-economie","category-maroc"],"_links":{"self":[{"href":"https:\/\/linitiative.ca\/International\/wp-json\/wp\/v2\/posts\/143542","targetHints":{"allow":["GET"]}}],"collection":[{"href":"https:\/\/linitiative.ca\/International\/wp-json\/wp\/v2\/posts"}],"about":[{"href":"https:\/\/linitiative.ca\/International\/wp-json\/wp\/v2\/types\/post"}],"author":[{"embeddable":true,"href":"https:\/\/linitiative.ca\/International\/wp-json\/wp\/v2\/users\/1787"}],"replies":[{"embeddable":true,"href":"https:\/\/linitiative.ca\/International\/wp-json\/wp\/v2\/comments?post=143542"}],"version-history":[{"count":0,"href":"https:\/\/linitiative.ca\/International\/wp-json\/wp\/v2\/posts\/143542\/revisions"}],"wp:attachment":[{"href":"https:\/\/linitiative.ca\/International\/wp-json\/wp\/v2\/media?parent=143542"}],"wp:term":[{"taxonomy":"category","embeddable":true,"href":"https:\/\/linitiative.ca\/International\/wp-json\/wp\/v2\/categories?post=143542"},{"taxonomy":"post_tag","embeddable":true,"href":"https:\/\/linitiative.ca\/International\/wp-json\/wp\/v2\/tags?post=143542"}],"curies":[{"name":"wp","href":"https:\/\/api.w.org\/{rel}","templated":true}]}}