{"id":143544,"date":"2022-03-20T10:02:08","date_gmt":"2022-03-20T14:02:08","guid":{"rendered":"https:\/\/linitiative.ca\/International\/maroc-les-deux-plus-grandes-compagnies-aeriennes-low-cost-europeennes-reviennent-en-force\/"},"modified":"2022-03-20T10:02:08","modified_gmt":"2022-03-20T14:02:08","slug":"maroc-les-deux-plus-grandes-compagnies-aeriennes-low-cost-europeennes-reviennent-en-force","status":"publish","type":"post","link":"https:\/\/linitiative.ca\/International\/maroc-les-deux-plus-grandes-compagnies-aeriennes-low-cost-europeennes-reviennent-en-force\/","title":{"rendered":"Maroc. Les deux plus grandes compagnies a\u00e9riennes low-cost europ\u00e9ennes reviennent en force"},"content":{"rendered":"<div><img decoding=\"async\" width=\"800\" height=\"404\" src=\"https:\/\/linitiative.ca\/International\/wp-content\/uploads\/sites\/23\/2022\/03\/avion1.png\" class=\"attachment-post-thumbnail size-post-thumbnail wp-post-image\" alt=\"\" loading=\"lazy\" srcset=\"https:\/\/linitiative.ca\/International\/wp-content\/uploads\/sites\/23\/2022\/03\/avion1.png 800w, https:\/\/www.challenge.ma\/wp-content\/uploads\/2022\/03\/avion1-300x152.png 300w, https:\/\/www.challenge.ma\/wp-content\/uploads\/2022\/03\/avion1-768x388.png 768w, https:\/\/www.challenge.ma\/wp-content\/uploads\/2022\/03\/avion1-360x182.png 360w, https:\/\/www.challenge.ma\/wp-content\/uploads\/2022\/03\/avion1-750x379.png 750w\" sizes=\"auto, (max-width: 800px) 100vw, 800px\" itemprop=\"image\">Depuis que le Maroc a rouvert ses portes aux touristes \u00e9trangers, le 7 f\u00e9vrier dernier, les deux plus grandes compagnies a\u00e9riennes low-cost europ\u00e9ennes, Ryanair et EasyJet, voient grand au Maroc depuis la France. Un peu plus d\u2019un mois apr\u00e8s l\u2019ouverture des fronti\u00e8res, le 7 f\u00e9vrier dernier, les deux plus grandes<\/div>\n<p>Auteur: challenge<br \/>\n<a href=\"https:\/\/www.challenge.ma\/maroc-les-deux-plus-grandes-compagnies-aeriennes-low-cost-europeennes-reviennent-en-force-234922\/\">Cliquez ici pour lire l&rsquo;article depuis sa source.<\/a><\/p>\n","protected":false},"excerpt":{"rendered":"<p>Depuis que le Maroc a rouvert ses portes aux touristes \u00e9trangers, le 7 f\u00e9vrier dernier, les deux plus grandes compagnies a\u00e9riennes low-cost europ\u00e9ennes, Ryanair et EasyJet, voient grand au Maroc depuis la France. Un peu plus d\u2019un mois apr\u00e8s l\u2019ouverture des fronti\u00e8res, le 7 f\u00e9vrier dernier, les deux plus grandes Auteur: challenge Cliquez ici pour [&hellip;]<\/p>\n","protected":false},"author":1787,"featured_media":0,"comment_status":"closed","ping_status":"closed","sticky":false,"template":"","format":"standard","meta":{"fifu_image_url":"https:\/\/www.challenge.ma\/wp-content\/uploads\/2022\/03\/avion1.png","fifu_image_alt":"Maroc. Les deux plus grandes compagnies a\u00e9riennes low-cost europ\u00e9ennes reviennent en force","footnotes":""},"categories":[78,54],"tags":[],"class_list":["post-143544","post","type-post","status-publish","format-standard","hentry","category-economie","category-maroc"],"_links":{"self":[{"href":"https:\/\/linitiative.ca\/International\/wp-json\/wp\/v2\/posts\/143544","targetHints":{"allow":["GET"]}}],"collection":[{"href":"https:\/\/linitiative.ca\/International\/wp-json\/wp\/v2\/posts"}],"about":[{"href":"https:\/\/linitiative.ca\/International\/wp-json\/wp\/v2\/types\/post"}],"author":[{"embeddable":true,"href":"https:\/\/linitiative.ca\/International\/wp-json\/wp\/v2\/users\/1787"}],"replies":[{"embeddable":true,"href":"https:\/\/linitiative.ca\/International\/wp-json\/wp\/v2\/comments?post=143544"}],"version-history":[{"count":0,"href":"https:\/\/linitiative.ca\/International\/wp-json\/wp\/v2\/posts\/143544\/revisions"}],"wp:attachment":[{"href":"https:\/\/linitiative.ca\/International\/wp-json\/wp\/v2\/media?parent=143544"}],"wp:term":[{"taxonomy":"category","embeddable":true,"href":"https:\/\/linitiative.ca\/International\/wp-json\/wp\/v2\/categories?post=143544"},{"taxonomy":"post_tag","embeddable":true,"href":"https:\/\/linitiative.ca\/International\/wp-json\/wp\/v2\/tags?post=143544"}],"curies":[{"name":"wp","href":"https:\/\/api.w.org\/{rel}","templated":true}]}}