{"id":143548,"date":"2022-03-20T16:36:58","date_gmt":"2022-03-20T20:36:58","guid":{"rendered":"https:\/\/linitiative.ca\/International\/algerie-trois-militaires-tombent-en-martyrs-sous-les-balles-de-terroristes\/"},"modified":"2022-03-20T16:36:58","modified_gmt":"2022-03-20T20:36:58","slug":"algerie-trois-militaires-tombent-en-martyrs-sous-les-balles-de-terroristes","status":"publish","type":"post","link":"https:\/\/linitiative.ca\/International\/algerie-trois-militaires-tombent-en-martyrs-sous-les-balles-de-terroristes\/","title":{"rendered":"Alg\u00e9rie\u00a0: Trois militaires tombent en martyrs sous les balles de terroristes"},"content":{"rendered":"<div>\n<p>Trois militaires relevant de l\u2019arm\u00e9e populaire alg\u00e9rienne sont d\u00e9c\u00e9d\u00e9s en martyrs lors d\u2019un accrochage avec des terroristes dans la r\u00e9gion de Timiaouine, pr\u00e8s des fronti\u00e8res maliennes. Le pr\u00e9sident Tebboune a, \u00e0 l\u2019occasion, pr\u00e9sent\u00e9 ses condol\u00e9ances aux familles des martyrs.<\/p>\n<p>L\u2019article <a href=\"https:\/\/www.tunisienumerique.com\/algerie-trois-militaires-tombent-en-martyrs-sous-les-balles-de-terroristes\/\">Alg\u00e9rie\u00a0: Trois militaires tombent en martyrs sous les balles de terroristes<\/a> est apparu en premier sur <a href=\"https:\/\/www.tunisienumerique.com\/\">Tunisie<\/a>.<\/p>\n<\/div>\n<p>Auteur: LM<br \/>\n<a href=\"https:\/\/www.tunisienumerique.com\/algerie-trois-militaires-tombent-en-martyrs-sous-les-balles-de-terroristes\/\">Cliquez ici pour lire l&rsquo;article depuis sa source.<\/a><\/p>\n","protected":false},"excerpt":{"rendered":"<p>Trois militaires relevant de l\u2019arm\u00e9e populaire alg\u00e9rienne sont d\u00e9c\u00e9d\u00e9s en martyrs lors d\u2019un accrochage avec des terroristes dans la r\u00e9gion de Timiaouine, pr\u00e8s des fronti\u00e8res maliennes. Le pr\u00e9sident Tebboune a, \u00e0 l\u2019occasion, pr\u00e9sent\u00e9 ses condol\u00e9ances aux familles des martyrs. L\u2019article Alg\u00e9rie\u00a0: Trois militaires tombent en martyrs sous les balles de terroristes est apparu en premier [&hellip;]<\/p>\n","protected":false},"author":1789,"featured_media":0,"comment_status":"closed","ping_status":"closed","sticky":false,"template":"","format":"standard","meta":{"fifu_image_url":"","fifu_image_alt":"","footnotes":""},"categories":[73,55],"tags":[],"class_list":["post-143548","post","type-post","status-publish","format-standard","hentry","category-actualite","category-tunisie"],"_links":{"self":[{"href":"https:\/\/linitiative.ca\/International\/wp-json\/wp\/v2\/posts\/143548","targetHints":{"allow":["GET"]}}],"collection":[{"href":"https:\/\/linitiative.ca\/International\/wp-json\/wp\/v2\/posts"}],"about":[{"href":"https:\/\/linitiative.ca\/International\/wp-json\/wp\/v2\/types\/post"}],"author":[{"embeddable":true,"href":"https:\/\/linitiative.ca\/International\/wp-json\/wp\/v2\/users\/1789"}],"replies":[{"embeddable":true,"href":"https:\/\/linitiative.ca\/International\/wp-json\/wp\/v2\/comments?post=143548"}],"version-history":[{"count":0,"href":"https:\/\/linitiative.ca\/International\/wp-json\/wp\/v2\/posts\/143548\/revisions"}],"wp:attachment":[{"href":"https:\/\/linitiative.ca\/International\/wp-json\/wp\/v2\/media?parent=143548"}],"wp:term":[{"taxonomy":"category","embeddable":true,"href":"https:\/\/linitiative.ca\/International\/wp-json\/wp\/v2\/categories?post=143548"},{"taxonomy":"post_tag","embeddable":true,"href":"https:\/\/linitiative.ca\/International\/wp-json\/wp\/v2\/tags?post=143548"}],"curies":[{"name":"wp","href":"https:\/\/api.w.org\/{rel}","templated":true}]}}